{"id":10295,"date":"2024-03-06T17:55:27","date_gmt":"2024-03-06T20:55:27","guid":{"rendered":"https:\/\/www.toque-musicall.com\/?p=10295"},"modified":"2024-03-14T17:57:53","modified_gmt":"2024-03-14T20:57:53","slug":"lafayette-1967","status":"publish","type":"post","link":"https:\/\/www.toque-musicall.com\/?p=10295","title":{"rendered":"Lafayette (1967)"},"content":{"rendered":"\n<figure class=\"wp-block-image size-large\"><img decoding=\"async\" src=\"https:\/\/blogger.googleusercontent.com\/img\/b\/R29vZ2xl\/AVvXsEiiSh-Mq7HE1wW8hXi3Uu9rrXu8yMSvkbSF7N7OJG-wvQGBZXMzS_Ib8-YfRQuFgnqRuFqVFZvAYElh9WgBmhNtiWz5ehZm9MvZK7RAVUregJkNJXChjSyySnU1WU-0BzbpWQnWhPnJ-FV6BA5vifCFM7vjJip7sC4WkkOED2G4iAlT17Bv6WuoJYVf_k0g\/w640-h626\/Capturar.JPG\" alt=\"\"\/><\/figure>\n\n\n\n<figure class=\"wp-block-image size-large\"><img decoding=\"async\" src=\"https:\/\/blogger.googleusercontent.com\/img\/b\/R29vZ2xl\/AVvXsEglQrSFBCg7L1PIDsTlTTDx0Ztj-9PCoVz7smeXhOLx8Gp9gRwmxRhha22I8iktoVa9jMsBUWOz_wrtcjLAnHcZVhsUWxHSxBGlCOjS2oDJffSFykMd7JN24jduP1T5fyAvJv9raVO2C9pdH1gUNXzcxr6XLLlP4J_l-cTn3RpSdwXAwoXjiN_CBQUE73z2\/w636-h640\/Capturarb.JPG\" alt=\"\"\/><\/figure>\n\n\n<div class=\"separator\">Voltando aqui com mais um compacto. Desta vez, um dos muitos disquinhos que o tecladista da Jovem Guarda gravou pela CBS, onde era m\u00fasico contratado da gravadora. Lafayette tocou em mais de 50 discos da Jovem Guarda, principalmente nos de Roberto Carlos e Erasmo Carlos. J\u00e1 falamos dele aqui em outras postagens. Lafayette teve tamb\u00e9m um s\u00e9rie de discos lan\u00e7adas pela CBS, chamada &#8220;Lafayette Apresenta Os Sucessos&#8221;. Este compacto \u00e9 uma amostra de um desses lps que faziam muito sucesso em 1967 e nele encontramos dois sucessos internacionais&#8230;<\/div>\n<div class=\"separator\">\u00a0<\/div>\n<div class=\"separator\">music to watch girl by<\/div>\n<div class=\"separator\">cassino royale<\/div>\n<div class=\"separator\">\u00a0<\/div>\n<div class=\"separator\">\u00a0<\/div>\n<div class=\"separator\">.<\/div>","protected":false},"excerpt":{"rendered":"<p>Voltando aqui com mais um compacto. Desta vez, um dos muitos disquinhos que o tecladista da Jovem Guarda gravou pela CBS, onde era m\u00fasico contratado da gravadora. Lafayette tocou em mais de 50 discos da Jovem Guarda, principalmente nos de &hellip; <a href=\"https:\/\/www.toque-musicall.com\/?p=10295\">Continue lendo <span class=\"meta-nav\">&rarr;<\/span><\/a><\/p>\n","protected":false},"author":1,"featured_media":0,"comment_status":"closed","ping_status":"closed","sticky":false,"template":"","format":"standard","meta":{"footnotes":""},"categories":[1],"tags":[3072,4392,3268],"class_list":["post-10295","post","type-post","status-publish","format-standard","hentry","category-sem-categoria","tag-compactos","tag-lafayette","tag-selo-cbs"],"_links":{"self":[{"href":"https:\/\/www.toque-musicall.com\/index.php?rest_route=\/wp\/v2\/posts\/10295","targetHints":{"allow":["GET"]}}],"collection":[{"href":"https:\/\/www.toque-musicall.com\/index.php?rest_route=\/wp\/v2\/posts"}],"about":[{"href":"https:\/\/www.toque-musicall.com\/index.php?rest_route=\/wp\/v2\/types\/post"}],"author":[{"embeddable":true,"href":"https:\/\/www.toque-musicall.com\/index.php?rest_route=\/wp\/v2\/users\/1"}],"replies":[{"embeddable":true,"href":"https:\/\/www.toque-musicall.com\/index.php?rest_route=%2Fwp%2Fv2%2Fcomments&post=10295"}],"version-history":[{"count":1,"href":"https:\/\/www.toque-musicall.com\/index.php?rest_route=\/wp\/v2\/posts\/10295\/revisions"}],"predecessor-version":[{"id":10296,"href":"https:\/\/www.toque-musicall.com\/index.php?rest_route=\/wp\/v2\/posts\/10295\/revisions\/10296"}],"wp:attachment":[{"href":"https:\/\/www.toque-musicall.com\/index.php?rest_route=%2Fwp%2Fv2%2Fmedia&parent=10295"}],"wp:term":[{"taxonomy":"category","embeddable":true,"href":"https:\/\/www.toque-musicall.com\/index.php?rest_route=%2Fwp%2Fv2%2Fcategories&post=10295"},{"taxonomy":"post_tag","embeddable":true,"href":"https:\/\/www.toque-musicall.com\/index.php?rest_route=%2Fwp%2Fv2%2Ftags&post=10295"}],"curies":[{"name":"wp","href":"https:\/\/api.w.org\/{rel}","templated":true}]}}