{"id":10297,"date":"2024-03-07T19:33:26","date_gmt":"2024-03-07T22:33:26","guid":{"rendered":"https:\/\/www.toque-musicall.com\/?p=10297"},"modified":"2024-03-16T19:35:48","modified_gmt":"2024-03-16T22:35:48","slug":"paulinho-e-seu-conjunto-um-passeio-musical-1959","status":"publish","type":"post","link":"https:\/\/www.toque-musicall.com\/?p=10297","title":{"rendered":"Paulinho E Seu Conjunto &#8211; Um Passeio Musical (1959)"},"content":{"rendered":"\n<figure class=\"wp-block-image size-large\"><img decoding=\"async\" src=\"https:\/\/blogger.googleusercontent.com\/img\/b\/R29vZ2xl\/AVvXsEjgVDxbmHqNm-t6uFzRhve_lMqEMu48xWNwF1bRuafvXEGAmtbFMZj8Qn90uMuUuilSjGQJT955TC3RK6G5ykT8F5FFbHYTLN97D8tmAoTlZ6Y-41M7AXwUrmtacobmWzwLq2Vbh0zx3j-TaSFMPHQg0STai8NFtJJsuiwsvfRYBrQ98HEy2llnYB1XpiKN\/w638-h640\/Capturar.JPG\" alt=\"\"\/><\/figure>\n\n\n\n<figure class=\"wp-block-image size-large\"><img decoding=\"async\" src=\"https:\/\/blogger.googleusercontent.com\/img\/b\/R29vZ2xl\/AVvXsEgCcbV1ls6pXvAVx1-LwmcWfGu1P-PPWvpYDtNwYhz-Cd9xwTLT_hu5oE-stj2-nTXEoTypACcDkARVUoxoyLQSCU4I9Igs9A8OHEsufa5lSMmLIm72mxp_PxEwZt2CkMrMvwIardohj9v4O14BxsThko7J0H16B_ay4YzsS35VNq0nnkAGuHBXYYD-LIl-\/w632-h640\/Capturarb.JPG\" alt=\"\"\/><\/figure>\n\n\n<div class=\"separator\">Mais uma boa raridade que h\u00e1 tempos estamos para postar aqui no nosso Toque Musical. Mais uma vez marcando presen\u00e7a, Paulinho e seu conjunto e nesta trazendo, &#8220;Um passeio musical&#8221;, numa sele\u00e7\u00e3o de m\u00fasicas do compositor mineiro Pac\u00edfico Mascarenhas. Este \u00e9 um disco muito raro e que talvez muita gente n\u00e3o conhe\u00e7a, pois foi lan\u00e7ado atrav\u00e9s do obscuro selo Guarani, sendo possivelmente seu primeiro e \u00fanico lan\u00e7amento (n\u00e3o me recordo de outro disco com este selo). Somente h\u00e1 alguns anos atr\u00e1s veio a ser relan\u00e7ado em cd, por iniciativa do produtor cultural Marcelo Froes e seu excelente selo\/editora Discobertas. O lp original \u00e9 hoje quase imposs\u00edvel de encontrar, s\u00f3 mesmo por sorte, em algum sebo da vida, ou atrav\u00e9s do Discogs, pagando caro na m\u00e3o de gringo esperto \ud83d\ude09<\/div>\n<div class=\"separator\">\u00a0<\/div>\n<div class=\"separator\">pam! pam! pam!<\/div>\n<div class=\"separator\">quantos anos<\/div>\n<div class=\"separator\">falta-me coragem<\/div>\n<div class=\"separator\">recado<\/div>\n<div class=\"separator\">cansei de esperar<\/div>\n<div class=\"separator\">em teus bra\u00e7os<\/div>\n<div class=\"separator\">turma da savassi<\/div>\n<div class=\"separator\">nada me importa<\/div>\n<div class=\"separator\">foi assim<\/div>\n<div class=\"separator\">n\u00e3o poderei mudar<\/div>\n<div class=\"separator\">saudade que vem<\/div>\n<div class=\"separator\">por favor, amor<\/div>\n<div class=\"separator\">assim, n\u00e3o me deves ocultar<\/div>\n<div class=\"separator\">juras de amor<\/div>\n<div class=\"separator\">\u00a0<\/div>\n<div class=\"separator\">\u00a0<\/div>\n<div class=\"separator\">\u00a0<\/div>\n<div class=\"separator\">\u00a0<\/div>","protected":false},"excerpt":{"rendered":"<p>Mais uma boa raridade que h\u00e1 tempos estamos para postar aqui no nosso Toque Musical. Mais uma vez marcando presen\u00e7a, Paulinho e seu conjunto e nesta trazendo, &#8220;Um passeio musical&#8221;, numa sele\u00e7\u00e3o de m\u00fasicas do compositor mineiro Pac\u00edfico Mascarenhas. Este &hellip; <a href=\"https:\/\/www.toque-musicall.com\/?p=10297\">Continue lendo <span class=\"meta-nav\">&rarr;<\/span><\/a><\/p>\n","protected":false},"author":1,"featured_media":0,"comment_status":"closed","ping_status":"closed","sticky":false,"template":"","format":"standard","meta":{"footnotes":""},"categories":[1],"tags":[5600,5599,5601],"class_list":["post-10297","post","type-post","status-publish","format-standard","hentry","category-sem-categoria","tag-pacifico-mascarenhas","tag-paulinho-e-seu-conjunto","tag-selo-guarani"],"_links":{"self":[{"href":"https:\/\/www.toque-musicall.com\/index.php?rest_route=\/wp\/v2\/posts\/10297","targetHints":{"allow":["GET"]}}],"collection":[{"href":"https:\/\/www.toque-musicall.com\/index.php?rest_route=\/wp\/v2\/posts"}],"about":[{"href":"https:\/\/www.toque-musicall.com\/index.php?rest_route=\/wp\/v2\/types\/post"}],"author":[{"embeddable":true,"href":"https:\/\/www.toque-musicall.com\/index.php?rest_route=\/wp\/v2\/users\/1"}],"replies":[{"embeddable":true,"href":"https:\/\/www.toque-musicall.com\/index.php?rest_route=%2Fwp%2Fv2%2Fcomments&post=10297"}],"version-history":[{"count":1,"href":"https:\/\/www.toque-musicall.com\/index.php?rest_route=\/wp\/v2\/posts\/10297\/revisions"}],"predecessor-version":[{"id":10298,"href":"https:\/\/www.toque-musicall.com\/index.php?rest_route=\/wp\/v2\/posts\/10297\/revisions\/10298"}],"wp:attachment":[{"href":"https:\/\/www.toque-musicall.com\/index.php?rest_route=%2Fwp%2Fv2%2Fmedia&parent=10297"}],"wp:term":[{"taxonomy":"category","embeddable":true,"href":"https:\/\/www.toque-musicall.com\/index.php?rest_route=%2Fwp%2Fv2%2Fcategories&post=10297"},{"taxonomy":"post_tag","embeddable":true,"href":"https:\/\/www.toque-musicall.com\/index.php?rest_route=%2Fwp%2Fv2%2Ftags&post=10297"}],"curies":[{"name":"wp","href":"https:\/\/api.w.org\/{rel}","templated":true}]}}