{"id":103,"date":"2012-03-30T23:01:00","date_gmt":"2012-03-30T23:01:00","guid":{"rendered":"http:\/\/www.toque-musicall.com\/?p=103"},"modified":"2012-03-30T23:01:00","modified_gmt":"2012-03-30T23:01:00","slug":"bahia-de-todos-os-sambas-197","status":"publish","type":"post","link":"https:\/\/www.toque-musicall.com\/?p=103","title":{"rendered":"Bahia De Todos Os Sambas (197&#8230;)"},"content":{"rendered":"<p><a href=\"http:\/\/4.bp.blogspot.com\/-26cjHiTZRKg\/T3Y8FNF77YI\/AAAAAAAABXI\/Eh-Y01vRl7M\/s1600\/capa+Fp.JPG\"><img decoding=\"async\" alt=\"\" border=\"0\" id=\"BLOGGER_PHOTO_ID_5725830036359736706\" src=\"http:\/\/4.bp.blogspot.com\/-26cjHiTZRKg\/T3Y8FNF77YI\/AAAAAAAABXI\/Eh-Y01vRl7M\/s400\/capa+Fp.JPG\" style=\"cursor: hand; display: block; height: 394px; margin: 0px auto 10px; text-align: center; width: 400px;\" \/><\/a><a href=\"http:\/\/1.bp.blogspot.com\/-qfUFkaIICf8\/T3Y8ASKTR3I\/AAAAAAAABW8\/6yoCjCjmr8Y\/s1600\/contracapa+Bp.JPG\"><img decoding=\"async\" alt=\"\" border=\"0\" id=\"BLOGGER_PHOTO_ID_5725829951820875634\" src=\"http:\/\/1.bp.blogspot.com\/-qfUFkaIICf8\/T3Y8ASKTR3I\/AAAAAAAABW8\/6yoCjCjmr8Y\/s400\/contracapa+Bp.JPG\" style=\"cursor: hand; display: block; height: 385px; margin: 0px auto 10px; text-align: center; width: 400px;\" \/><\/a>Ol\u00e1 amigos! De volta ao samba, aqui vai nesta sexta feira independente um disquinho raro e dos bons. Produ\u00e7\u00e3o baiana para divulgar a prata da casa, com a for\u00e7a dos irm\u00e3os cariocas. Temos aqui um \u00e1lbum de samba baiano, lan\u00e7ado, provavelmente, no in\u00edcio da d\u00e9cada de 70. Aqui encontramos alguns dos grandes nomes do samba feito na Bahia, em especial, Nelson Rufino e Waldir Lima. S\u00e3o deles a maior parte das m\u00fasicas, assim como s\u00e3o os pr\u00f3prios que as interpretam. Quando comento a respeito dos &#8216;irm\u00e3os cariocas&#8217;, me refiro \u00e0 participa\u00e7\u00e3o do Wilson das Neves, Waldir de Paula, As Gatas e at\u00e9 o Raul de Barros. N\u00e3o sei se essa patota toda \u00e9 carioca, mas tudo bem&#8230; tem ainda o texto na contracapa do S\u00e9rgio Cabral avalizando a batucada baiana. <\/p>\n<div><\/div>\n<div style=\"text-align: center;\">o malho j\u00e1 tilintou &#8211; nelson rufino<\/div>\n<div style=\"text-align: center;\">moro pandeiro de ouro &#8211; waldir lima<\/div>\n<div style=\"text-align: center;\">presente a m\u00e3o dagua &#8211; os dependentes<\/div>\n<div style=\"text-align: center;\">a vida tem dessas coisas &#8211; waldir lima<\/div>\n<div style=\"text-align: center;\">eu n\u00e3o tenho ningu\u00e9m &#8211; nelson rufino<\/div>\n<div style=\"text-align: center;\">carnaval especial &#8211; waldir lima<\/div>\n<div style=\"text-align: center;\">veneno &#8211; nelson rufino e waldir lima<\/div>\n<div style=\"text-align: center;\">nan\u00e1 &#8211; os dependentes<\/div>\n<div style=\"text-align: center;\">aruand\u00ea &#8211; nelson rufino<\/div>\n<div style=\"text-align: center;\">jorge amado em 4 tempos &#8211; os dependentes<\/div>\n<div style=\"text-align: center;\">deus do sono &#8211; waldir lima<\/div>\n<div style=\"text-align: center;\">azul e branco &#8211; luis carlos<\/div>\n<p><\/p>\n<div style=\"text-align: center;\"><\/div>\n<p><\/p>\n<div style=\"text-align: center;\"><\/div>\n","protected":false},"excerpt":{"rendered":"<p>Ol\u00e1 amigos! De volta ao samba, aqui vai nesta sexta feira independente um disquinho raro e dos bons. Produ\u00e7\u00e3o baiana para divulgar a prata da casa, com a for\u00e7a dos irm\u00e3os cariocas. Temos aqui um \u00e1lbum de samba baiano, lan\u00e7ado, &hellip; <a href=\"https:\/\/www.toque-musicall.com\/?p=103\">Continue lendo <span class=\"meta-nav\">&rarr;<\/span><\/a><\/p>\n","protected":false},"author":1,"featured_media":0,"comment_status":"open","ping_status":"closed","sticky":false,"template":"","format":"standard","meta":{"footnotes":""},"categories":[192,190,25,191],"tags":[],"class_list":["post-103","post","type-post","status-publish","format-standard","hentry","category-bahia-de-todos-os-sambas","category-nelson-rufino","category-selo-independente","category-waldir-lima"],"_links":{"self":[{"href":"https:\/\/www.toque-musicall.com\/index.php?rest_route=\/wp\/v2\/posts\/103","targetHints":{"allow":["GET"]}}],"collection":[{"href":"https:\/\/www.toque-musicall.com\/index.php?rest_route=\/wp\/v2\/posts"}],"about":[{"href":"https:\/\/www.toque-musicall.com\/index.php?rest_route=\/wp\/v2\/types\/post"}],"author":[{"embeddable":true,"href":"https:\/\/www.toque-musicall.com\/index.php?rest_route=\/wp\/v2\/users\/1"}],"replies":[{"embeddable":true,"href":"https:\/\/www.toque-musicall.com\/index.php?rest_route=%2Fwp%2Fv2%2Fcomments&post=103"}],"version-history":[{"count":0,"href":"https:\/\/www.toque-musicall.com\/index.php?rest_route=\/wp\/v2\/posts\/103\/revisions"}],"wp:attachment":[{"href":"https:\/\/www.toque-musicall.com\/index.php?rest_route=%2Fwp%2Fv2%2Fmedia&parent=103"}],"wp:term":[{"taxonomy":"category","embeddable":true,"href":"https:\/\/www.toque-musicall.com\/index.php?rest_route=%2Fwp%2Fv2%2Fcategories&post=103"},{"taxonomy":"post_tag","embeddable":true,"href":"https:\/\/www.toque-musicall.com\/index.php?rest_route=%2Fwp%2Fv2%2Ftags&post=103"}],"curies":[{"name":"wp","href":"https:\/\/api.w.org\/{rel}","templated":true}]}}