{"id":1030,"date":"2009-11-07T09:57:00","date_gmt":"2009-11-07T09:57:00","guid":{"rendered":"http:\/\/www.toque-musicall.com\/?p=1030"},"modified":"2009-11-07T09:57:00","modified_gmt":"2009-11-07T09:57:00","slug":"rock-bamba-1985","status":"publish","type":"post","link":"https:\/\/www.toque-musicall.com\/?p=1030","title":{"rendered":"Rock Bamba (1985)"},"content":{"rendered":"<p><a href=\"http:\/\/4.bp.blogspot.com\/_DSKVEvHtskc\/Sva-u-rwURI\/AAAAAAAAFmo\/W7P6spjknXU\/s1600-h\/rock+bamba+P.JPG\"><img decoding=\"async\" style=\"display:block; margin:0px auto 10px; text-align:center;cursor:pointer; cursor:hand;width: 398px; height: 400px;\" src=\"http:\/\/4.bp.blogspot.com\/_DSKVEvHtskc\/Sva-u-rwURI\/AAAAAAAAFmo\/W7P6spjknXU\/s400\/rock+bamba+P.JPG\" border=\"0\" alt=\"\" id=\"BLOGGER_PHOTO_ID_5401714517387268370\" \/><\/a>Prenunciando um novo momento, vamos gradualmente saindo do rock em busca de outros ritmos e g\u00eaneros, que fazem da m\u00fasica popular brasileira um leque dos mais variados. Hoje eu estou trazendo uma colet\u00e2nea chamada Rock Bamba. Uma copila\u00e7\u00e3o de m\u00fasicas e artistas t\u00e3o ins\u00f3lita quando o desenho da capa. Rock Bamba estaria mais para rock samba ou samba rock, mas vai entender o que passa na cabe\u00e7a de quem produziu este disco? Isso sem falar no desenho amador representando mais um estilo &#8216;break-street-dance&#8217; (ser\u00e1 que existe?) do que rock ou mesmo o samba rock. \u00c9 preciso ser muito bamba para entender isso. Contudo e apesar dos pesares, eles conseguiram reunir alguns artista\/fonogramas muito interessantes. Este disco, pelo que tudo indica, n\u00e3o foi feito para ser comercializado. Me parece que foi criado como brinde. Da\u00ed a raz\u00e3o pela qual ele n\u00e3o segue um padr\u00e3o. Temos aqui quatorze faixas com m\u00fasicas que foram sucesso no per\u00edodo de dez anos, de 1968 a 78. Algumas inclusive, grava\u00e7\u00f5es raras. Vejam s\u00f3 o que temos para ouvir com outros olhos&#8230;<\/p>\n<div><\/div>\n<div style=\"text-align: center;\">como vov\u00f3 j\u00e1 dizia &#8211; raul seixas<\/div>\n<div style=\"text-align: center;\">beira d&#8217;\u00e1gua (a festa) &#8211; erasmo carlos e marku ribas<\/div>\n<div style=\"text-align: center;\">magn\u00f3lia &#8211; jorge ben<\/div>\n<div style=\"text-align: center;\">colcha de retalhos &#8211; marku ribas<\/div>\n<div style=\"text-align: center;\">a minha menina &#8211; mutantes<\/div>\n<div style=\"text-align: center;\">domingas &#8211; jorge ben<\/div>\n<div style=\"text-align: center;\">cuidado com o buldog &#8211; wilson simonal<\/div>\n<div style=\"text-align: center;\">haroldo o robot dom\u00e9stico &#8211; erasmo carlos<\/div>\n<div style=\"text-align: center;\">a noite vai chegar &#8211; lady zu<\/div>\n<div style=\"text-align: center;\">a lenda de bob nelson &#8211; erasmo carlos<\/div>\n<div style=\"text-align: center;\">eu tamb\u00e9m quero mocot\u00f3 &#8211; banda veneno de erlon chaves<\/div>\n<div style=\"text-align: center;\">sofre &#8211; tim maia<\/div>\n<div style=\"text-align: center;\">coqueiro verde &#8211; trio mocot\u00f3<\/div>\n<div style=\"text-align: center;\">a princesa e o plebeu &#8211; jorge ben<\/div>\n<div style=\"text-align: center;\"><\/div>\n<div style=\"text-align: center;\"><\/div>\n","protected":false},"excerpt":{"rendered":"<p>Prenunciando um novo momento, vamos gradualmente saindo do rock em busca de outros ritmos e g\u00eaneros, que fazem da m\u00fasica popular brasileira um leque dos mais variados. Hoje eu estou trazendo uma colet\u00e2nea chamada Rock Bamba. Uma copila\u00e7\u00e3o de m\u00fasicas &hellip; <a href=\"https:\/\/www.toque-musicall.com\/?p=1030\">Continue lendo <span class=\"meta-nav\">&rarr;<\/span><\/a><\/p>\n","protected":false},"author":1,"featured_media":0,"comment_status":"open","ping_status":"closed","sticky":false,"template":"","format":"standard","meta":{"footnotes":""},"categories":[1307,149,433,583,1311,1310,1309,88,1308,540],"tags":[],"class_list":["post-1030","post","type-post","status-publish","format-standard","hentry","category-banda-veneno","category-erasmo-carlos","category-erlon-chaves","category-jorge-ben","category-lady-zu","category-marku-ribas","category-rock-bamba","category-tim-maia","category-trio-mocoto","category-wilson-simonal"],"_links":{"self":[{"href":"https:\/\/www.toque-musicall.com\/index.php?rest_route=\/wp\/v2\/posts\/1030","targetHints":{"allow":["GET"]}}],"collection":[{"href":"https:\/\/www.toque-musicall.com\/index.php?rest_route=\/wp\/v2\/posts"}],"about":[{"href":"https:\/\/www.toque-musicall.com\/index.php?rest_route=\/wp\/v2\/types\/post"}],"author":[{"embeddable":true,"href":"https:\/\/www.toque-musicall.com\/index.php?rest_route=\/wp\/v2\/users\/1"}],"replies":[{"embeddable":true,"href":"https:\/\/www.toque-musicall.com\/index.php?rest_route=%2Fwp%2Fv2%2Fcomments&post=1030"}],"version-history":[{"count":0,"href":"https:\/\/www.toque-musicall.com\/index.php?rest_route=\/wp\/v2\/posts\/1030\/revisions"}],"wp:attachment":[{"href":"https:\/\/www.toque-musicall.com\/index.php?rest_route=%2Fwp%2Fv2%2Fmedia&parent=1030"}],"wp:term":[{"taxonomy":"category","embeddable":true,"href":"https:\/\/www.toque-musicall.com\/index.php?rest_route=%2Fwp%2Fv2%2Fcategories&post=1030"},{"taxonomy":"post_tag","embeddable":true,"href":"https:\/\/www.toque-musicall.com\/index.php?rest_route=%2Fwp%2Fv2%2Ftags&post=1030"}],"curies":[{"name":"wp","href":"https:\/\/api.w.org\/{rel}","templated":true}]}}