{"id":10300,"date":"2024-03-08T19:36:21","date_gmt":"2024-03-08T22:36:21","guid":{"rendered":"https:\/\/www.toque-musicall.com\/?p=10300"},"modified":"2024-03-16T19:38:24","modified_gmt":"2024-03-16T22:38:24","slug":"luiz-delfino-e-os-esquilos-cantores-1959","status":"publish","type":"post","link":"https:\/\/www.toque-musicall.com\/?p=10300","title":{"rendered":"Luiz Delfino E Os Esquilos Cantores (1959)"},"content":{"rendered":"\n<figure class=\"wp-block-image size-large\"><img decoding=\"async\" src=\"https:\/\/blogger.googleusercontent.com\/img\/b\/R29vZ2xl\/AVvXsEgGDL2bZqIf4RfT4d5nbLsix8j6W0EejyqBwUpkV5ctx62cUy_VKdTsOdUhhUAnQwzo0mvwQxVSx_CpPVej5PE41gy3-4oU6JBSq-5RwZSEknGsg08iew05ueETCRpl8-px1UJDjEseLnY5zenHz8rBeQdQllozoGoP_k0HZIm4QCrJcj2TQy_EDBqgFoaf\/w612-h640\/Capturar.JPG\" alt=\"\"\/><\/figure>\n\n\n\n<figure class=\"wp-block-image size-large\"><img decoding=\"async\" src=\"https:\/\/blogger.googleusercontent.com\/img\/b\/R29vZ2xl\/AVvXsEhYwSiikSJq9u5UAE9IKr5De1ETnEXEzxDNK68249w7ku9ChWQ-ngo17CwoWMJASFVNbtKGYJdPb3wVpZRoTg87x7WlcuTiCqfNpbZbD8wwxFHzOpCE8501UiJPLSEeHur_nTLKNMQMebqHFxTofqT197KAuAxi__lz_23hx20UcclCoEZSSY5eUKGYPMtt\/w612-h640\/Capturarb.jpg\" alt=\"\"\/><\/figure>\n\n\n<div class=\"separator\">Uma rara curiosidade temos hoje para voc\u00eas, Luiz Delfino e Os Esquilos Cantores. Segundo nos informa o saudoso Samuca em um coment\u00e1rio no Youtube, no canal do colecionador Luciano Hort\u00eancio, esta grava\u00e7\u00e3o foi lan\u00e7ada em 1959, originalmente em disco de 78 rpm pela Odeon, que no ano seguinte relan\u00e7aria no formato 7 polegadas (BZA 1026). Trata-se de um vers\u00e3o de &#8220;Christmas don&#8217;t be late&#8221;, de Ross Bagdasarian, criador de &#8220;David Seville and the Chipmunks&#8221;, em 1958 e que logo seria transformado em &#8220;Alvin e Os Esquilos&#8221;, uma franquia de sucesso que tamb\u00e9m virou desenho animado e foi tamb\u00e9m explorado com sucesso como programa na televis\u00e3o americana. Ali\u00e1s, um sucesso que acabou chegando aqui no Brasil, tendo o ator Luiz Delfino como o protagonista ao lado dos &#8216;esquilos&#8217;. Delfino, para os que n\u00e3o sabem come\u00e7ou no r\u00e1dio, foi casado com a cantora Marlene, atuou tamb\u00e9m em muitos filmes e se popularizou na televis\u00e3o em programas de humor, novelas e mini s\u00e9ries. Esta vers\u00e3o gravada por ele foi tamb\u00e9m lan\u00e7ada em Portugal pelo selo Parlophone. Como n\u00e3o existe uma capa para o disquinho, n\u00f3s aqui procuramos fazer a embalagem de maneira que o produto ficasse mais atraente. Confiram no GTM \ud83d\ude09<\/div>\n<div class=\"separator\">\u00a0<\/div>\n<div class=\"separator\">a gaita do alvinho<\/div>\n<div class=\"separator\">can\u00e7\u00e3o dos esquilos<\/div>\n<div class=\"separator\">\u00a0<\/div>\n<div class=\"separator\">\u00a0<\/div>\n<div class=\"separator\">.<\/div>","protected":false},"excerpt":{"rendered":"<p>Uma rara curiosidade temos hoje para voc\u00eas, Luiz Delfino e Os Esquilos Cantores. Segundo nos informa o saudoso Samuca em um coment\u00e1rio no Youtube, no canal do colecionador Luciano Hort\u00eancio, esta grava\u00e7\u00e3o foi lan\u00e7ada em 1959, originalmente em disco de &hellip; <a href=\"https:\/\/www.toque-musicall.com\/?p=10300\">Continue lendo <span class=\"meta-nav\">&rarr;<\/span><\/a><\/p>\n","protected":false},"author":1,"featured_media":0,"comment_status":"closed","ping_status":"closed","sticky":false,"template":"","format":"standard","meta":{"footnotes":""},"categories":[1],"tags":[3072,5602,3153],"class_list":["post-10300","post","type-post","status-publish","format-standard","hentry","category-sem-categoria","tag-compactos","tag-luiz-delfino-e-os-esquilos","tag-selo-odeon"],"_links":{"self":[{"href":"https:\/\/www.toque-musicall.com\/index.php?rest_route=\/wp\/v2\/posts\/10300","targetHints":{"allow":["GET"]}}],"collection":[{"href":"https:\/\/www.toque-musicall.com\/index.php?rest_route=\/wp\/v2\/posts"}],"about":[{"href":"https:\/\/www.toque-musicall.com\/index.php?rest_route=\/wp\/v2\/types\/post"}],"author":[{"embeddable":true,"href":"https:\/\/www.toque-musicall.com\/index.php?rest_route=\/wp\/v2\/users\/1"}],"replies":[{"embeddable":true,"href":"https:\/\/www.toque-musicall.com\/index.php?rest_route=%2Fwp%2Fv2%2Fcomments&post=10300"}],"version-history":[{"count":1,"href":"https:\/\/www.toque-musicall.com\/index.php?rest_route=\/wp\/v2\/posts\/10300\/revisions"}],"predecessor-version":[{"id":10301,"href":"https:\/\/www.toque-musicall.com\/index.php?rest_route=\/wp\/v2\/posts\/10300\/revisions\/10301"}],"wp:attachment":[{"href":"https:\/\/www.toque-musicall.com\/index.php?rest_route=%2Fwp%2Fv2%2Fmedia&parent=10300"}],"wp:term":[{"taxonomy":"category","embeddable":true,"href":"https:\/\/www.toque-musicall.com\/index.php?rest_route=%2Fwp%2Fv2%2Fcategories&post=10300"},{"taxonomy":"post_tag","embeddable":true,"href":"https:\/\/www.toque-musicall.com\/index.php?rest_route=%2Fwp%2Fv2%2Ftags&post=10300"}],"curies":[{"name":"wp","href":"https:\/\/api.w.org\/{rel}","templated":true}]}}