{"id":10307,"date":"2024-03-11T19:35:40","date_gmt":"2024-03-11T22:35:40","guid":{"rendered":"https:\/\/www.toque-musicall.com\/?p=10307"},"modified":"2024-03-19T19:38:48","modified_gmt":"2024-03-19T22:38:48","slug":"ubirajara-silva-dancando-o-baiao-1955","status":"publish","type":"post","link":"https:\/\/www.toque-musicall.com\/?p=10307","title":{"rendered":"Ubirajara Silva &#8211; Dan\u00e7ando O Bai\u00e3o (1955)\u00a0"},"content":{"rendered":"\n<figure class=\"wp-block-image size-large\"><img decoding=\"async\" src=\"https:\/\/blogger.googleusercontent.com\/img\/b\/R29vZ2xl\/AVvXsEg9m_9ob2d6r6zU2hbpjUWP0SVPkNDCFylvZDAqcrxlSZ9wwP5abTkaYm5GcO-KSV3qTGNQMXJ_ZOUcUG12TVVFiowO-nYcXITkhQ-liQPO3X12rcHF4pMqNUXL8QJTGMbqUhf2ZGqwywfcNviiHFXFUb4WmihlwiuJg55TUJfJyvr1HicVDP6Mzj96udMV\/w640-h626\/Capturar.JPG\" alt=\"\"\/><\/figure>\n\n\n\n<figure class=\"wp-block-image size-large\"><img decoding=\"async\" src=\"https:\/\/blogger.googleusercontent.com\/img\/b\/R29vZ2xl\/AVvXsEhrKxhVxxyyz_NQs_P9OC7NiMuVytxn4vJJv06ujUNaHYbO_VhZ4wmzENtlh5id6XBMQfs-ipznwiS3Jw1lc9coIdDVPJs86XJn56zkHHHGvp55kTVBNO1IlKstdFjFztMH-oNYD3msmpwvcjneap9AE0dOL1GGLKKAEFpoMuFWWX1EbGZgBvp4Kk8os4Pt\/w640-h628\/Capturarb.JPG\" alt=\"\"\/><\/figure>\n\n\n<div>Seguindo, hoje nosso encontro \u00e9 com o bai\u00e3o, o bai\u00e3o ga\u00facho, j\u00e1 ouviram falar? N\u00e3o, claro, isso \u00e9 s\u00f3 uma brincadeira. Isso \u00e9 apenas para mostrar a abrang\u00eancia do bai\u00e3o. Aqui temos o ga\u00facho Ubirajara Silva, instrumentista (literalmente) de m\u00e3o cheia, tocava sanfona, acordeon, bandoneon e outros teclados. Neste disco lan\u00e7ado pelo selo Musidisc, em 1955, temos uma vis\u00e3o bem interessantes do bai\u00e3o, numa s\u00e9rie composta por Ubirajara e Glaciliano Silva. Vale a pena conhecer \ud83d\ude09<\/div>\n<div>\u00a0<\/div>\n<div>nh\u00e9co-nh\u00e9co<\/div>\n<div>eh! mo\u00e7ada<\/div>\n<div>quero quero<\/div>\n<div>puxa vida<\/div>\n<div>gargalhada<\/div>\n<div>saudade dela<\/div>\n<div>apertadinho<\/div>\n<div>aracuari<\/div>\n<div>\u00a0<\/div>\n<div>\u00a0<\/div>\n<div>.<\/div>","protected":false},"excerpt":{"rendered":"<p>Seguindo, hoje nosso encontro \u00e9 com o bai\u00e3o, o bai\u00e3o ga\u00facho, j\u00e1 ouviram falar? N\u00e3o, claro, isso \u00e9 s\u00f3 uma brincadeira. Isso \u00e9 apenas para mostrar a abrang\u00eancia do bai\u00e3o. Aqui temos o ga\u00facho Ubirajara Silva, instrumentista (literalmente) de m\u00e3o &hellip; <a href=\"https:\/\/www.toque-musicall.com\/?p=10307\">Continue lendo <span class=\"meta-nav\">&rarr;<\/span><\/a><\/p>\n","protected":false},"author":1,"featured_media":0,"comment_status":"closed","ping_status":"closed","sticky":false,"template":"","format":"standard","meta":{"footnotes":""},"categories":[1],"tags":[3514,5606],"class_list":["post-10307","post","type-post","status-publish","format-standard","hentry","category-sem-categoria","tag-selo-musidisc","tag-ubirajara-silva"],"_links":{"self":[{"href":"https:\/\/www.toque-musicall.com\/index.php?rest_route=\/wp\/v2\/posts\/10307","targetHints":{"allow":["GET"]}}],"collection":[{"href":"https:\/\/www.toque-musicall.com\/index.php?rest_route=\/wp\/v2\/posts"}],"about":[{"href":"https:\/\/www.toque-musicall.com\/index.php?rest_route=\/wp\/v2\/types\/post"}],"author":[{"embeddable":true,"href":"https:\/\/www.toque-musicall.com\/index.php?rest_route=\/wp\/v2\/users\/1"}],"replies":[{"embeddable":true,"href":"https:\/\/www.toque-musicall.com\/index.php?rest_route=%2Fwp%2Fv2%2Fcomments&post=10307"}],"version-history":[{"count":1,"href":"https:\/\/www.toque-musicall.com\/index.php?rest_route=\/wp\/v2\/posts\/10307\/revisions"}],"predecessor-version":[{"id":10308,"href":"https:\/\/www.toque-musicall.com\/index.php?rest_route=\/wp\/v2\/posts\/10307\/revisions\/10308"}],"wp:attachment":[{"href":"https:\/\/www.toque-musicall.com\/index.php?rest_route=%2Fwp%2Fv2%2Fmedia&parent=10307"}],"wp:term":[{"taxonomy":"category","embeddable":true,"href":"https:\/\/www.toque-musicall.com\/index.php?rest_route=%2Fwp%2Fv2%2Fcategories&post=10307"},{"taxonomy":"post_tag","embeddable":true,"href":"https:\/\/www.toque-musicall.com\/index.php?rest_route=%2Fwp%2Fv2%2Ftags&post=10307"}],"curies":[{"name":"wp","href":"https:\/\/api.w.org\/{rel}","templated":true}]}}