{"id":10312,"date":"2024-03-12T14:43:15","date_gmt":"2024-03-12T17:43:15","guid":{"rendered":"https:\/\/www.toque-musicall.com\/?p=10312"},"modified":"2024-03-28T14:45:21","modified_gmt":"2024-03-28T17:45:21","slug":"ismael-carlos-1980","status":"publish","type":"post","link":"https:\/\/www.toque-musicall.com\/?p=10312","title":{"rendered":"Ismael Carlos (1980)\u00a0"},"content":{"rendered":"\n<figure class=\"wp-block-image size-large\"><img decoding=\"async\" src=\"https:\/\/blogger.googleusercontent.com\/img\/b\/R29vZ2xl\/AVvXsEjHGXGPYL6NGaAaeyArHivi7XyzOeMt8vBZkjpsw1WvIjARwobrcRPBSUYKBZXvS44LGL-oSeXRxMzZwOB-vcXD_Gk95Y08tZGq9U0dBo0PDWyIKdnCO_pwdg96HK3TDYP8YMlpHv97t7WuifHrG0pypXv6qwTLjkXIoqUMYoT1504AIqL1QW1UZ1ZUYUWU\/w638-h640\/Capturar.JPG\" alt=\"\"\/><\/figure>\n\n\n\n<figure class=\"wp-block-image size-large\"><img decoding=\"async\" src=\"https:\/\/blogger.googleusercontent.com\/img\/b\/R29vZ2xl\/AVvXsEj2EnUeqLwvG7wuStc6PQnGrm5clwKheBqhhshI4nDk9aOzFOpUg7f9mt_C7qdxGgv61eey2099qyKvd_i8ZOBxy1dgD7at_nc3KhbT5AFmZBdAzgeSnZ_phs4VPrsG04dp7uJUKXSEr1_RPRLuFfwTscJjY9SCyToj7Do9ZWRZLIqhCykfTtXJrKoywesm\/w640-h634\/Capturarb.JPG\" alt=\"\"\/><\/figure>\n\n\n<div class=\"separator\">A vez do brega&#8230; do popular&#8230; E aqui, porque n\u00e3o dizer, da curiosidade. Afinal, como entender o brega sem realmente conhec\u00ea-lo? Ent\u00e3o, temos nesta postagem um compacto do Ismael Carlos, figura que eu s\u00f3 vi uma vez, no programa do Bolinha \ud83d\ude42 mas sei que ele fez sucesso na d\u00e9cada de 80 e lan\u00e7ou alguns discos. Neste compacto temos duas m\u00fasicas que embalaram o gosto popular tornando-se grandes sucessos, hoje, cl\u00e1ssicos do aut\u00eantico brega-rom\u00e2ntico&#8230;<\/div>\n<div class=\"separator\">\u00a0<\/div>\n<div class=\"separator\">fofoqueira<\/div>\n<div class=\"separator\">a sogra<\/div>\n<div class=\"separator\">\u00a0<\/div>\n<div class=\"separator\">\u00a0<\/div>\n<div class=\"separator\">.<\/div>","protected":false},"excerpt":{"rendered":"<p>A vez do brega&#8230; do popular&#8230; E aqui, porque n\u00e3o dizer, da curiosidade. Afinal, como entender o brega sem realmente conhec\u00ea-lo? Ent\u00e3o, temos nesta postagem um compacto do Ismael Carlos, figura que eu s\u00f3 vi uma vez, no programa do &hellip; <a href=\"https:\/\/www.toque-musicall.com\/?p=10312\">Continue lendo <span class=\"meta-nav\">&rarr;<\/span><\/a><\/p>\n","protected":false},"author":1,"featured_media":0,"comment_status":"closed","ping_status":"closed","sticky":false,"template":"","format":"standard","meta":{"footnotes":""},"categories":[1],"tags":[3072,5608,3108],"class_list":["post-10312","post","type-post","status-publish","format-standard","hentry","category-sem-categoria","tag-compactos","tag-ismael-carlos","tag-selo-copacabana"],"_links":{"self":[{"href":"https:\/\/www.toque-musicall.com\/index.php?rest_route=\/wp\/v2\/posts\/10312","targetHints":{"allow":["GET"]}}],"collection":[{"href":"https:\/\/www.toque-musicall.com\/index.php?rest_route=\/wp\/v2\/posts"}],"about":[{"href":"https:\/\/www.toque-musicall.com\/index.php?rest_route=\/wp\/v2\/types\/post"}],"author":[{"embeddable":true,"href":"https:\/\/www.toque-musicall.com\/index.php?rest_route=\/wp\/v2\/users\/1"}],"replies":[{"embeddable":true,"href":"https:\/\/www.toque-musicall.com\/index.php?rest_route=%2Fwp%2Fv2%2Fcomments&post=10312"}],"version-history":[{"count":1,"href":"https:\/\/www.toque-musicall.com\/index.php?rest_route=\/wp\/v2\/posts\/10312\/revisions"}],"predecessor-version":[{"id":10313,"href":"https:\/\/www.toque-musicall.com\/index.php?rest_route=\/wp\/v2\/posts\/10312\/revisions\/10313"}],"wp:attachment":[{"href":"https:\/\/www.toque-musicall.com\/index.php?rest_route=%2Fwp%2Fv2%2Fmedia&parent=10312"}],"wp:term":[{"taxonomy":"category","embeddable":true,"href":"https:\/\/www.toque-musicall.com\/index.php?rest_route=%2Fwp%2Fv2%2Fcategories&post=10312"},{"taxonomy":"post_tag","embeddable":true,"href":"https:\/\/www.toque-musicall.com\/index.php?rest_route=%2Fwp%2Fv2%2Ftags&post=10312"}],"curies":[{"name":"wp","href":"https:\/\/api.w.org\/{rel}","templated":true}]}}