{"id":10316,"date":"2024-03-14T14:48:00","date_gmt":"2024-03-14T17:48:00","guid":{"rendered":"https:\/\/www.toque-musicall.com\/?p=10316"},"modified":"2024-03-28T14:49:52","modified_gmt":"2024-03-28T17:49:52","slug":"julio-cesar-1978","status":"publish","type":"post","link":"https:\/\/www.toque-musicall.com\/?p=10316","title":{"rendered":"Julio Cesar (1978)"},"content":{"rendered":"\n<figure class=\"wp-block-image size-large\"><img decoding=\"async\" src=\"https:\/\/blogger.googleusercontent.com\/img\/b\/R29vZ2xl\/AVvXsEgtlIocXBUsnomE0Hiq2nK1ee8aUQFtqo6ELZKmLcOb9kRtOgNadX7HrKPprhyphenhyphenOmIS_3Bid6MSQAQLEHEByz7HKEjBZx1msLKXxWyyKgZJGI_fAim0Vg2uy-9adxS4NmizR1bsQQUQ6gqd8_pOAaJaCgJrKq_0wabmtvmKy3sxyeHb8IXNC4B2X6xAaWq6G\/w640-h632\/Capturar.JPG\" alt=\"\"\/><\/figure>\n\n\n\n<figure class=\"wp-block-image size-large\"><img decoding=\"async\" src=\"https:\/\/blogger.googleusercontent.com\/img\/b\/R29vZ2xl\/AVvXsEic8_rX_4QIeUoofKhVK5HQIwJNxYlzwBk0hktW7l0H3CkoYbTa_DNYKectARAgBqAkWouJeN9nNedZlfURjDK2itTRV5GEgOJ6Bz9-Z5wo1jsqKka_A-TTZG3WsB_MaQpKipgHO43x0uHWt5KNiTsui05dxPvRLSK_We14U7ye2jKIu1-BHWYx1WX7cQ7y\/w640-h632\/Capturarb.JPG\" alt=\"\"\/><\/figure>\n\n\n<div class=\"separator\">Que tal mais um brega rom\u00e2ntico? Hehehe.. Desta vez temos o J\u00falio Cesar que fez sucesso com vers\u00f5es populares internacionais. Neste compacto de 1978 ele nos &#8216;brinda&#8217; com duas das can\u00e7\u00f5es que entrariam no seu primeiro lp cuja a capa \u00e9 a mesma do compacto. A balada rom\u00e2ntica &#8220;Tu&#8221; foi lan\u00e7ada inicialmente em 1976. Ainda hoje \u00e9 sucesso e um cl\u00e1ssico do brega rom\u00e2ntico&#8230;<\/div>\n<div class=\"separator\">\u00a0<\/div>\n<div class=\"separator\">tu<\/div>\n<div class=\"separator\">eu agora vou sorrir<\/div>\n<div class=\"separator\">\u00a0<\/div>\n<div class=\"separator\">\u00a0<\/div>\n<div class=\"separator\">.<\/div>","protected":false},"excerpt":{"rendered":"<p>Que tal mais um brega rom\u00e2ntico? Hehehe.. Desta vez temos o J\u00falio Cesar que fez sucesso com vers\u00f5es populares internacionais. Neste compacto de 1978 ele nos &#8216;brinda&#8217; com duas das can\u00e7\u00f5es que entrariam no seu primeiro lp cuja a capa &hellip; <a href=\"https:\/\/www.toque-musicall.com\/?p=10316\">Continue lendo <span class=\"meta-nav\">&rarr;<\/span><\/a><\/p>\n","protected":false},"author":1,"featured_media":0,"comment_status":"closed","ping_status":"closed","sticky":false,"template":"","format":"standard","meta":{"footnotes":""},"categories":[1],"tags":[3072,5609,3091],"class_list":["post-10316","post","type-post","status-publish","format-standard","hentry","category-sem-categoria","tag-compactos","tag-julio-cesar","tag-selo-rge"],"_links":{"self":[{"href":"https:\/\/www.toque-musicall.com\/index.php?rest_route=\/wp\/v2\/posts\/10316","targetHints":{"allow":["GET"]}}],"collection":[{"href":"https:\/\/www.toque-musicall.com\/index.php?rest_route=\/wp\/v2\/posts"}],"about":[{"href":"https:\/\/www.toque-musicall.com\/index.php?rest_route=\/wp\/v2\/types\/post"}],"author":[{"embeddable":true,"href":"https:\/\/www.toque-musicall.com\/index.php?rest_route=\/wp\/v2\/users\/1"}],"replies":[{"embeddable":true,"href":"https:\/\/www.toque-musicall.com\/index.php?rest_route=%2Fwp%2Fv2%2Fcomments&post=10316"}],"version-history":[{"count":1,"href":"https:\/\/www.toque-musicall.com\/index.php?rest_route=\/wp\/v2\/posts\/10316\/revisions"}],"predecessor-version":[{"id":10317,"href":"https:\/\/www.toque-musicall.com\/index.php?rest_route=\/wp\/v2\/posts\/10316\/revisions\/10317"}],"wp:attachment":[{"href":"https:\/\/www.toque-musicall.com\/index.php?rest_route=%2Fwp%2Fv2%2Fmedia&parent=10316"}],"wp:term":[{"taxonomy":"category","embeddable":true,"href":"https:\/\/www.toque-musicall.com\/index.php?rest_route=%2Fwp%2Fv2%2Fcategories&post=10316"},{"taxonomy":"post_tag","embeddable":true,"href":"https:\/\/www.toque-musicall.com\/index.php?rest_route=%2Fwp%2Fv2%2Ftags&post=10316"}],"curies":[{"name":"wp","href":"https:\/\/api.w.org\/{rel}","templated":true}]}}