{"id":10318,"date":"2024-03-15T14:50:07","date_gmt":"2024-03-15T17:50:07","guid":{"rendered":"https:\/\/www.toque-musicall.com\/?p=10318"},"modified":"2024-03-28T14:53:15","modified_gmt":"2024-03-28T17:53:15","slug":"copia-e-seu-conjunto-studio-1959","status":"publish","type":"post","link":"https:\/\/www.toque-musicall.com\/?p=10318","title":{"rendered":"C\u00f3pia E Seu Conjunto Studio (1959)"},"content":{"rendered":"\n<figure class=\"wp-block-image size-large\"><img decoding=\"async\" src=\"https:\/\/blogger.googleusercontent.com\/img\/b\/R29vZ2xl\/AVvXsEhGa_cN8ZS8qcpaheQcz_8a6s-hM8e33N8ZOda2gmNZRKEtnJWQhLqVAXqc680CbPX4v9O40smDrTLMq0wG8aZnUzaGUTtyIiwyBUMJvIk4iheJfecFwFFZlm7IxajhI66l3J4Gf_lhWht4QLLxt5SiwNK2OVHTJx647rtBoR5zj6Gi4pMulKmOu9gyxLD7\/w640-h630\/Capturar.JPG\" alt=\"\"\/><\/figure>\n\n\n\n<figure class=\"wp-block-image size-large\"><img decoding=\"async\" src=\"https:\/\/blogger.googleusercontent.com\/img\/b\/R29vZ2xl\/AVvXsEiyH_L8JLLApbfEA4Hlr9dMR28xxuC4qtVdKmxbHnXDrVVSxRMGCjW6KDZMfI1FHFFMg_l3-N_zAA7a1Yf_UBgr7TTrUi6n4WQrGO7G733j4ABoVnMSjLflMbLMUonCGVbkorCYUnDY0PAc1yRq2bMF_kQU30fyxMHr5eXbpgTCCRAi_CEo306JFtkPveL1\/w640-h626\/Capturarb.JPG\" alt=\"\"\/><\/figure>\n\n\n<div class=\"separator\">Olha s\u00f3 os contrastes&#8230; Saindo do brega, vamos para um outro lado musical rom\u00e2ntico, classudo, como cabia a todas as produ\u00e7\u00f5es do selo Festa, que inicialmente era voltado apenas para registros de escritores e poetas. Poucos foram os\u00a0 discos dedicados \u00e0 m\u00fasica. Na contracapa se pode ver dois outros lan\u00e7amentos musicais, o lend\u00e1rio &#8220;Can\u00e7\u00e3o do Amor Demais&#8221;, com Elizeth Cardoso e &#8220;Mestres do Barroco Mineiro&#8221;, dois \u00e1lbuns j\u00e1 apresentados aqui.\u00a0<\/div>\n<div class=\"separator\">Agora temos esse belo e raro disco com Nicolino C\u00f3pia, mais conhecido com Copinha, clarinetista, flautista e saxofonista de origem italiana, nascido em S\u00e3o Paulo. Foi um dos mais importantes instrumentistas brasileiros, atuando por mais de 60 anos e em centenas de discos. Acompanhou os mais diversos artistas em grava\u00e7\u00f5es e apresenta\u00e7\u00f5es, em shows, r\u00e1dio e televis\u00e3o. Este foi seu primeiro disco solo em 12 polegadas, acompanhado por seu conjunto. E nele temos um repert\u00f3rio bacana, bem variado, com temas nacionais e internacionais&#8230;<\/div>\n<div class=\"separator\">\u00a0<\/div>\n<div class=\"separator\">rosa morena<\/div>\n<div class=\"separator\">cry me a river<\/div>\n<div class=\"separator\">fiorin fiorello<\/div>\n<div class=\"separator\">piccolissima serenata<\/div>\n<div class=\"separator\">tu<\/div>\n<div class=\"separator\">embraceble you<\/div>\n<div class=\"separator\">chega de saudde<\/div>\n<div class=\"separator\">on the street where you live<\/div>\n<div class=\"separator\">come prima<\/div>\n<div class=\"separator\">lover come back to me<\/div>\n<div class=\"separator\">as pastorinhas<\/div>\n<div class=\"separator\">anema e core<\/div>\n<div class=\"separator\">deixa-me<\/div>\n<div class=\"separator\">\u00a0<\/div>\n<div class=\"separator\">\u00a0<\/div>","protected":false},"excerpt":{"rendered":"<p>Olha s\u00f3 os contrastes&#8230; Saindo do brega, vamos para um outro lado musical rom\u00e2ntico, classudo, como cabia a todas as produ\u00e7\u00f5es do selo Festa, que inicialmente era voltado apenas para registros de escritores e poetas. Poucos foram os\u00a0 discos dedicados &hellip; <a href=\"https:\/\/www.toque-musicall.com\/?p=10318\">Continue lendo <span class=\"meta-nav\">&rarr;<\/span><\/a><\/p>\n","protected":false},"author":1,"featured_media":0,"comment_status":"closed","ping_status":"closed","sticky":false,"template":"","format":"standard","meta":{"footnotes":""},"categories":[1],"tags":[5610,5611,3358],"class_list":["post-10318","post","type-post","status-publish","format-standard","hentry","category-sem-categoria","tag-copia-e-seu-conjunto-studio","tag-copinha","tag-selo-festa"],"_links":{"self":[{"href":"https:\/\/www.toque-musicall.com\/index.php?rest_route=\/wp\/v2\/posts\/10318","targetHints":{"allow":["GET"]}}],"collection":[{"href":"https:\/\/www.toque-musicall.com\/index.php?rest_route=\/wp\/v2\/posts"}],"about":[{"href":"https:\/\/www.toque-musicall.com\/index.php?rest_route=\/wp\/v2\/types\/post"}],"author":[{"embeddable":true,"href":"https:\/\/www.toque-musicall.com\/index.php?rest_route=\/wp\/v2\/users\/1"}],"replies":[{"embeddable":true,"href":"https:\/\/www.toque-musicall.com\/index.php?rest_route=%2Fwp%2Fv2%2Fcomments&post=10318"}],"version-history":[{"count":1,"href":"https:\/\/www.toque-musicall.com\/index.php?rest_route=\/wp\/v2\/posts\/10318\/revisions"}],"predecessor-version":[{"id":10319,"href":"https:\/\/www.toque-musicall.com\/index.php?rest_route=\/wp\/v2\/posts\/10318\/revisions\/10319"}],"wp:attachment":[{"href":"https:\/\/www.toque-musicall.com\/index.php?rest_route=%2Fwp%2Fv2%2Fmedia&parent=10318"}],"wp:term":[{"taxonomy":"category","embeddable":true,"href":"https:\/\/www.toque-musicall.com\/index.php?rest_route=%2Fwp%2Fv2%2Fcategories&post=10318"},{"taxonomy":"post_tag","embeddable":true,"href":"https:\/\/www.toque-musicall.com\/index.php?rest_route=%2Fwp%2Fv2%2Ftags&post=10318"}],"curies":[{"name":"wp","href":"https:\/\/api.w.org\/{rel}","templated":true}]}}