{"id":1032,"date":"2009-11-05T08:49:00","date_gmt":"2009-11-05T08:49:00","guid":{"rendered":"http:\/\/www.toque-musicall.com\/?p=1032"},"modified":"2009-11-05T08:49:00","modified_gmt":"2009-11-05T08:49:00","slug":"academia-do-medo-1992","status":"publish","type":"post","link":"https:\/\/www.toque-musicall.com\/?p=1032","title":{"rendered":"Academia do Medo (1992)"},"content":{"rendered":"<p><a href=\"http:\/\/3.bp.blogspot.com\/_DSKVEvHtskc\/SvKTKDySP0I\/AAAAAAAAFlY\/Y0BL2uN0CRE\/s1600-h\/academia+do+medo+P.JPG\"><img decoding=\"async\" style=\"display:block; margin:0px auto 10px; text-align:center;cursor:pointer; cursor:hand;width: 400px; height: 400px;\" src=\"http:\/\/3.bp.blogspot.com\/_DSKVEvHtskc\/SvKTKDySP0I\/AAAAAAAAFlY\/Y0BL2uN0CRE\/s400\/academia+do+medo+P.JPG\" border=\"0\" alt=\"\" id=\"BLOGGER_PHOTO_ID_5400540704194838338\" \/><\/a>Bom dia, amigos cultos, ocultos e visitantes em geral! E a\u00ed, j\u00e1 escovaram os dentes agora pela manh\u00e3? Com esta capa n\u00e3o h\u00e1 como esquecer. Curiosa, n\u00e3o? Curioso tamb\u00e9m fiquei eu querendo ouvir o que vinha por tr\u00e1s dessa dentadura. A Academia do Medo foi uma banda de Pernambuco que at\u00e9 bem pouco tempo atr\u00e1s eu s\u00f3 conhecia de nome. Surgiu na cena rock recifence no in\u00edcio dos anos 90, tendo uma breve e modesta exist\u00eancia. A banda chegou a participar do &#8220;Abril Pro Rock&#8221; de 93, o que lhe garantiu ser lembrada juntamente com tantas outras que surgiram naquela \u00e9poca. Mas faltou f\u00f4lego ao &#8216;quarteto acad\u00eamico&#8217; e at\u00e9 onde eu sei, n\u00e3o duraram mais que tr\u00eas anos. Gravaram apenas este disco, um \u00e1lbum independente, pretensioso como cabe \u00e0 todos dessa gera\u00e7\u00e3o, mas tamb\u00e9m como os outros, deficiente em alguns aspectos de produ\u00e7\u00e3o. Contudo, n\u00e3o deixam de fazer parte de um marco hist\u00f3rico musical, a cena &#8216;mangue&#8217; do Recife. Mesmo n\u00e3o estando totalmente atrelados ao movimento, fizeram parte daquele momento.<\/p>\n<div>O disco, tamb\u00e9m conhecido como A Vila das Vozes, tem uma sonoridade agrad\u00e1vel, oscilando entre o rock e o pop, mas o forte mesmo est\u00e1 nas letras. Sorria, meu bem&#8230;<\/div>\n<div><\/div>\n<div style=\"text-align: center;\">a vila das vozes<\/div>\n<div style=\"text-align: center;\">o p\u00eandulo<\/div>\n<div style=\"text-align: center;\">pintura do avesso do mundo<\/div>\n<div style=\"text-align: center;\">sombras de morfeu<\/div>\n<div style=\"text-align: center;\">dora e os l\u00edrios<\/div>\n<div style=\"text-align: center;\">olhos negros<\/div>\n<div style=\"text-align: center;\">os dentes de berenice<\/div>\n<div style=\"text-align: center;\">violinos<\/div>\n<div style=\"text-align: center;\">vis\u00f5es de izabel<\/div>\n<div style=\"text-align: center;\">for\u00e7a<\/div>\n<div style=\"text-align: center;\">poe&#8217;s hangover<\/div>\n<div style=\"text-align: center;\"><\/div>\n<div style=\"text-align: center;\"><\/div>\n","protected":false},"excerpt":{"rendered":"<p>Bom dia, amigos cultos, ocultos e visitantes em geral! E a\u00ed, j\u00e1 escovaram os dentes agora pela manh\u00e3? Com esta capa n\u00e3o h\u00e1 como esquecer. Curiosa, n\u00e3o? Curioso tamb\u00e9m fiquei eu querendo ouvir o que vinha por tr\u00e1s dessa dentadura. &hellip; <a href=\"https:\/\/www.toque-musicall.com\/?p=1032\">Continue lendo <span class=\"meta-nav\">&rarr;<\/span><\/a><\/p>\n","protected":false},"author":1,"featured_media":0,"comment_status":"open","ping_status":"closed","sticky":false,"template":"","format":"standard","meta":{"footnotes":""},"categories":[1317],"tags":[],"class_list":["post-1032","post","type-post","status-publish","format-standard","hentry","category-academia-do-medo"],"_links":{"self":[{"href":"https:\/\/www.toque-musicall.com\/index.php?rest_route=\/wp\/v2\/posts\/1032","targetHints":{"allow":["GET"]}}],"collection":[{"href":"https:\/\/www.toque-musicall.com\/index.php?rest_route=\/wp\/v2\/posts"}],"about":[{"href":"https:\/\/www.toque-musicall.com\/index.php?rest_route=\/wp\/v2\/types\/post"}],"author":[{"embeddable":true,"href":"https:\/\/www.toque-musicall.com\/index.php?rest_route=\/wp\/v2\/users\/1"}],"replies":[{"embeddable":true,"href":"https:\/\/www.toque-musicall.com\/index.php?rest_route=%2Fwp%2Fv2%2Fcomments&post=1032"}],"version-history":[{"count":0,"href":"https:\/\/www.toque-musicall.com\/index.php?rest_route=\/wp\/v2\/posts\/1032\/revisions"}],"wp:attachment":[{"href":"https:\/\/www.toque-musicall.com\/index.php?rest_route=%2Fwp%2Fv2%2Fmedia&parent=1032"}],"wp:term":[{"taxonomy":"category","embeddable":true,"href":"https:\/\/www.toque-musicall.com\/index.php?rest_route=%2Fwp%2Fv2%2Fcategories&post=1032"},{"taxonomy":"post_tag","embeddable":true,"href":"https:\/\/www.toque-musicall.com\/index.php?rest_route=%2Fwp%2Fv2%2Ftags&post=1032"}],"curies":[{"name":"wp","href":"https:\/\/api.w.org\/{rel}","templated":true}]}}