{"id":10322,"date":"2024-03-17T16:29:40","date_gmt":"2024-03-17T19:29:40","guid":{"rendered":"https:\/\/www.toque-musicall.com\/?p=10322"},"modified":"2024-03-28T16:30:27","modified_gmt":"2024-03-28T19:30:27","slug":"brasil-voce-e-joia-isso-e-que-e-carnaval-75-1974","status":"publish","type":"post","link":"https:\/\/www.toque-musicall.com\/?p=10322","title":{"rendered":"Brasil Voc\u00ea \u00c9 Joia Isso E Que E Carnaval 75 (1974)"},"content":{"rendered":"\n<figure class=\"wp-block-image size-large\"><img decoding=\"async\" src=\"https:\/\/blogger.googleusercontent.com\/img\/b\/R29vZ2xl\/AVvXsEjdAYYuvf7xhB8YLYg6sKoQuqytXzcJ2DK8Qy9_GVCjJXw9N2azErI5GyvtGI3RO4gzCCuytZoGZ3qwFJvoc06dCWV5I1p2hiY39cXVWQuaoOwRbPUtCT5TqLxEW5PRjuw-66ikV_7LwJigTY_7LGu0cUBtAhQcz-JLkXIQ6sGsTf6zPtRYnt6RpET8emog\/w640-h640\/Capturar.JPG\" alt=\"\"\/><\/figure>\n\n\n\n<figure class=\"wp-block-image size-large\"><img decoding=\"async\" src=\"https:\/\/blogger.googleusercontent.com\/img\/b\/R29vZ2xl\/AVvXsEh9V8dVF0qpEcGuCNn96mpmTjGViPMe22Oc_RNmJXdYXsX78uRUbsg2xD-23iAh8F9d08maO1r_r45u5NEYkjXVUVZROhB2ZQQW2zDIuKaY7eg9hijuneU-hs-4lQiWGI9Br5oSbnlFdjsBZ_ZIW_g48Qv4XsTEUiG-ASWgjIERp1DESwIebEcewbYGY7U9\/w640-h640\/Capturarb.JPG\" alt=\"\"\/><\/figure>\n\n\n<div class=\"separator\">Agora, um disco de carnaval&#8230; \u00c1lbum lan\u00e7ado pela Chantecler e seu selo Rosicler, em 1974, apresentando uma s\u00e9rie com diversos cantores do seu &#8216;cast&#8217; para o carnaval de 1975. Este era para ter entrado na programa\u00e7\u00e3o de fevereiro, mas como as coisas por aqui andam meio bagun\u00e7adas, vamos assim mesmo. Como j\u00e1 dizia o poeta, &#8216;o importante \u00e9 que a nossa emo\u00e7\u00e3o sobreviva&#8217;. E emo\u00e7\u00e3o \u00e9 o que n\u00e3o pode faltar, inclusive em m\u00fasicas de carnaval, quando o carnaval era carnaval. Hoje \u00e9 tudo politicamente muito chato&#8230;<\/div>\n<div class=\"separator\">\u00a0<\/div>\n<div class=\"separator\">brasil voc\u00ea \u00e9 joia &#8211; titulares do ritmo<\/div>\n<div class=\"separator\">a noite \u00e9 nossa &#8211; edy franco<\/div>\n<div class=\"separator\">amor n\u00e3o vai embora &#8211; francisco egydio<\/div>\n<div class=\"separator\">eu fico na minha &#8211; bobby hilton<\/div>\n<div class=\"separator\">eu n\u00e3o posso esquecer &#8211; milton lopes<\/div>\n<div class=\"separator\">maria mole &#8211; genimar<\/div>\n<div class=\"separator\">isso \u00e9 que \u00e9 &#8211; gilberto montenegro<\/div>\n<div class=\"separator\">mama mia &#8211; arturzinho<\/div>\n<div class=\"separator\">a marcha do nicolau &#8211; italo nascimento<\/div>\n<div class=\"separator\">z\u00e9 mulher &#8211; quarteto maravilha<\/div>\n<div class=\"separator\">a marcha do petroleo &#8211; orfeu do carnaval<\/div>\n<div class=\"separator\">pot-pourri de sucessos &#8211; orquestra e coro<\/div>\n<div class=\"separator\">\u00a0<\/div>\n<div class=\"separator\">\u00a0<\/div>\n<div class=\"separator\">\u00a0<\/div>","protected":false},"excerpt":{"rendered":"<p>Agora, um disco de carnaval&#8230; \u00c1lbum lan\u00e7ado pela Chantecler e seu selo Rosicler, em 1974, apresentando uma s\u00e9rie com diversos cantores do seu &#8216;cast&#8217; para o carnaval de 1975. Este era para ter entrado na programa\u00e7\u00e3o de fevereiro, mas como &hellip; <a href=\"https:\/\/www.toque-musicall.com\/?p=10322\">Continue lendo <span class=\"meta-nav\">&rarr;<\/span><\/a><\/p>\n","protected":false},"author":1,"featured_media":0,"comment_status":"closed","ping_status":"closed","sticky":false,"template":"","format":"standard","meta":{"footnotes":""},"categories":[1],"tags":[3458,5613,3878],"class_list":["post-10322","post","type-post","status-publish","format-standard","hentry","category-sem-categoria","tag-carnaval","tag-carnaval-1975","tag-selo-rosicler"],"_links":{"self":[{"href":"https:\/\/www.toque-musicall.com\/index.php?rest_route=\/wp\/v2\/posts\/10322","targetHints":{"allow":["GET"]}}],"collection":[{"href":"https:\/\/www.toque-musicall.com\/index.php?rest_route=\/wp\/v2\/posts"}],"about":[{"href":"https:\/\/www.toque-musicall.com\/index.php?rest_route=\/wp\/v2\/types\/post"}],"author":[{"embeddable":true,"href":"https:\/\/www.toque-musicall.com\/index.php?rest_route=\/wp\/v2\/users\/1"}],"replies":[{"embeddable":true,"href":"https:\/\/www.toque-musicall.com\/index.php?rest_route=%2Fwp%2Fv2%2Fcomments&post=10322"}],"version-history":[{"count":1,"href":"https:\/\/www.toque-musicall.com\/index.php?rest_route=\/wp\/v2\/posts\/10322\/revisions"}],"predecessor-version":[{"id":10323,"href":"https:\/\/www.toque-musicall.com\/index.php?rest_route=\/wp\/v2\/posts\/10322\/revisions\/10323"}],"wp:attachment":[{"href":"https:\/\/www.toque-musicall.com\/index.php?rest_route=%2Fwp%2Fv2%2Fmedia&parent=10322"}],"wp:term":[{"taxonomy":"category","embeddable":true,"href":"https:\/\/www.toque-musicall.com\/index.php?rest_route=%2Fwp%2Fv2%2Fcategories&post=10322"},{"taxonomy":"post_tag","embeddable":true,"href":"https:\/\/www.toque-musicall.com\/index.php?rest_route=%2Fwp%2Fv2%2Ftags&post=10322"}],"curies":[{"name":"wp","href":"https:\/\/api.w.org\/{rel}","templated":true}]}}