{"id":10328,"date":"2024-03-20T20:14:44","date_gmt":"2024-03-20T23:14:44","guid":{"rendered":"https:\/\/www.toque-musicall.com\/?p=10328"},"modified":"2024-03-31T20:16:27","modified_gmt":"2024-03-31T23:16:27","slug":"os-intocaveis-1964","status":"publish","type":"post","link":"https:\/\/www.toque-musicall.com\/?p=10328","title":{"rendered":"Os Intoc\u00e1veis (1964)"},"content":{"rendered":"\n<figure class=\"wp-block-image size-large\"><img decoding=\"async\" src=\"https:\/\/blogger.googleusercontent.com\/img\/b\/R29vZ2xl\/AVvXsEgyxN7tbuzx_w_S3tMpi3q3M4janMwdwFYOlrEAIMa-P0Ct3ktpabwIZNaHmgDvuBrDub-KVwRa_zaDi2wMp9vKl5FwmtaZ8w_8u_E0cIH6jnEI0FUuVSdrBAZkk4cGff9ReInzFN0r3epqrC5nJyK1h5FlwtRrGot_5XdAiYFuK_fvoskOMr-1iGEba4dI\/w640-h628\/CapturarF.JPG\" alt=\"\"\/><\/figure>\n\n\n\n<figure class=\"wp-block-image size-large\"><img decoding=\"async\" src=\"https:\/\/blogger.googleusercontent.com\/img\/b\/R29vZ2xl\/AVvXsEhKaxIUzPJESbPI3SdyCOBThD1ndsSOLyZ2h9g742J0QUEx3OkY1_jukqFIgClS_olaFC40O7iWbQi74Od5NKRNVkGHIERZMsXQxRDrbgqZCfaZM4Mkwh47uMspKl3dHfWi2cB4WfiG4MIUUEstqefe6zY3WmW4aNKRCYp0bL59b14GHwX1e26xELYVEqVt\/w640-h626\/Capturar.JPG\" alt=\"\"\/><\/figure>\n\n\n<div class=\"separator\">Seguindo aqui em nossas postagens, temos agora um badalo lp que deve ter ganhado mais notoriedade nos tempos atuais do que na \u00e9poca de seu lan\u00e7amento. Um disco realmente singular na qualidade dos m\u00fasicos, do repert\u00f3rio e de seu assumido ar de mist\u00e9rio. Trata-se de uma super produ\u00e7\u00e3o da Audio Fidelity (do Brasil), um selo da lend\u00e1ria gravadora americana Audio Fidelity Records, pioneira na produ\u00e7\u00e3o dos discos estereof\u00f4nicos. Atuou tamb\u00e9m com um escrit\u00f3rio aqui no Brasil, lan\u00e7ando diversos discos, geralmente orquestras, grava\u00e7\u00f5es originais em hi-fi e est\u00e9reo. Nesta produ\u00e7\u00e3o, ainda na boa fase da Bossa Nova, temos &#8220;Os Intoc\u00e1veis&#8221;, um sugestivo t\u00edtulo que remete, inicialmente, a uma s\u00e9rie famosa na televis\u00e3o, mas conforme o texto da contracapa, o nome se deve ao fato de serem intoc\u00e1veis os nomes dos m\u00fasicos presentes nas grava\u00e7\u00f5es, por conta de serem m\u00fasicos de outras gravadoras e terem l\u00e1 seus contratos que n\u00e3o permitiam esse tipo de enlace. Contudo, isso era comum entre gravadoras e artistas que usavam de subterf\u00fagios, como nomes falsos, ou como aqui, nomes n\u00e3o citados. O fato \u00e9 que mesmo envolto em mist\u00e9rio, em segredos de gravadoras, este \u00e9 realmente\u00a0 um disca\u00e7o! Pela qualidade das grava\u00e7\u00f5es eu diria que Os Intoc\u00e1veis foi gravado fora do Brasil e por certo, com m\u00fasicos brasileiros. Quem ainda n\u00e3o ouviu, eu recomento&#8230;<\/div>\n<div class=\"separator\">\u00a0<\/div>\n<div class=\"separator\">por causa de voc\u00ea menina<\/div>\n<div class=\"separator\">rio<\/div>\n<div class=\"separator\">devagar com a lou\u00e7a<\/div>\n<div class=\"separator\">bossa na praia<\/div>\n<div class=\"separator\">sukyaki<\/div>\n<div class=\"separator\">mais que nada<\/div>\n<div class=\"separator\">samba do avi\u00e3o<\/div>\n<div class=\"separator\">garota de ipanema<\/div>\n<div class=\"separator\">ensinando a bossa<\/div>\n<div class=\"separator\">tim dom<\/div>\n<div class=\"separator\">mondo cane<\/div>\n<div class=\"separator\">n\u00f3s e o mar<\/div>\n<div class=\"separator\">\u00a0<\/div>\n<div class=\"separator\">\u00a0<\/div>\n<div class=\"separator\">\u00a0<\/div>","protected":false},"excerpt":{"rendered":"<p>Seguindo aqui em nossas postagens, temos agora um badalo lp que deve ter ganhado mais notoriedade nos tempos atuais do que na \u00e9poca de seu lan\u00e7amento. Um disco realmente singular na qualidade dos m\u00fasicos, do repert\u00f3rio e de seu assumido &hellip; <a href=\"https:\/\/www.toque-musicall.com\/?p=10328\">Continue lendo <span class=\"meta-nav\">&rarr;<\/span><\/a><\/p>\n","protected":false},"author":1,"featured_media":0,"comment_status":"closed","ping_status":"closed","sticky":false,"template":"","format":"standard","meta":{"footnotes":""},"categories":[1],"tags":[5617,3670],"class_list":["post-10328","post","type-post","status-publish","format-standard","hentry","category-sem-categoria","tag-os-intocaveis","tag-selo-audio-fidelity"],"_links":{"self":[{"href":"https:\/\/www.toque-musicall.com\/index.php?rest_route=\/wp\/v2\/posts\/10328","targetHints":{"allow":["GET"]}}],"collection":[{"href":"https:\/\/www.toque-musicall.com\/index.php?rest_route=\/wp\/v2\/posts"}],"about":[{"href":"https:\/\/www.toque-musicall.com\/index.php?rest_route=\/wp\/v2\/types\/post"}],"author":[{"embeddable":true,"href":"https:\/\/www.toque-musicall.com\/index.php?rest_route=\/wp\/v2\/users\/1"}],"replies":[{"embeddable":true,"href":"https:\/\/www.toque-musicall.com\/index.php?rest_route=%2Fwp%2Fv2%2Fcomments&post=10328"}],"version-history":[{"count":1,"href":"https:\/\/www.toque-musicall.com\/index.php?rest_route=\/wp\/v2\/posts\/10328\/revisions"}],"predecessor-version":[{"id":10329,"href":"https:\/\/www.toque-musicall.com\/index.php?rest_route=\/wp\/v2\/posts\/10328\/revisions\/10329"}],"wp:attachment":[{"href":"https:\/\/www.toque-musicall.com\/index.php?rest_route=%2Fwp%2Fv2%2Fmedia&parent=10328"}],"wp:term":[{"taxonomy":"category","embeddable":true,"href":"https:\/\/www.toque-musicall.com\/index.php?rest_route=%2Fwp%2Fv2%2Fcategories&post=10328"},{"taxonomy":"post_tag","embeddable":true,"href":"https:\/\/www.toque-musicall.com\/index.php?rest_route=%2Fwp%2Fv2%2Ftags&post=10328"}],"curies":[{"name":"wp","href":"https:\/\/api.w.org\/{rel}","templated":true}]}}