{"id":10333,"date":"2024-03-22T15:38:30","date_gmt":"2024-03-22T18:38:30","guid":{"rendered":"https:\/\/www.toque-musicall.com\/?p=10333"},"modified":"2024-04-03T15:41:50","modified_gmt":"2024-04-03T18:41:50","slug":"titulares-do-ritmo-titulares-no-samba-1961","status":"publish","type":"post","link":"https:\/\/www.toque-musicall.com\/?p=10333","title":{"rendered":"Titulares Do Ritmo &#8211; Titulares No Samba (1961)\u00a0"},"content":{"rendered":"\n<figure class=\"wp-block-image size-large\"><img decoding=\"async\" src=\"https:\/\/blogger.googleusercontent.com\/img\/b\/R29vZ2xl\/AVvXsEh0bs71ie6VHhtUhq8jDJ5s9tftfq4t9F2dtStmu4yD0PsQng01V5Qm0Z4ty0PBBJhAhqVzE6nUTaVSQ29U2NDi0deSEu6mrQ63wypfqmvS3T80B627IVZsgkyVM2G3pAA8h3lto_ES650kAb73iW_bMSxV6wJHJMEwvC39x7K3boToFdQn-DgwskPMo-Qv\/w640-h636\/Capturar.JPG\" alt=\"\"\/><\/figure>\n\n\n\n<figure class=\"wp-block-image size-large\"><img decoding=\"async\" src=\"https:\/\/blogger.googleusercontent.com\/img\/b\/R29vZ2xl\/AVvXsEjZFlh-NDFQlpwgoujG9hQezZ8q3wRfYW9SKQOeUQR5UJ1M6ouqfaTauGzsGwHA3zaPRZkKoBMKd9xBQ93QAZCosCLpzdc8cBp_yZQaAGryJ3odWy2Q3auG6-cyAFhquOfzygVZY5wCenczXosX9FtPfIvOdDoPRTzK8KFdNOVBak9SRBkEv9Hix38h-626\/w640-h640\/Capturarb.JPG\" alt=\"\"\/><\/figure>\n\n\n<div class=\"separator\">J\u00e1 tivemos aqui no nosso Toque Musical, por v\u00e1rias vezes, o excelente grupo vocal Titulares do Ritmo. Conjunto que iniciou sua trajet\u00f3ria ainda nos anos 40, em Belo Horizonte. Era um sexteto de m\u00fasicos cantores cegos que se conheceram e se formaram no Instituto S\u00e3o Rafael. Ganharam destaque logo que come\u00e7aram a se apresentar em emissoras de r\u00e1dio da cidade. Logo j\u00e1 estariam ecoando nos grandes centros e sendo contratados para atuarem em S\u00e3o Paulo. De l\u00e1 ganharam o Brasil inteiro por conta da qualidade de seus arranjos vocais. Gravaram diversos discos ainda no tempo das bolachas de 78 rpm. Depois, esses mesmos sucessos foram relan\u00e7ados em lps de 10 e 12 polegadas e tamb\u00e9m vieram outros discos e trabalhos lan\u00e7ados por outras gravadoras. Aqui, temos eles em um disco dedicado ao samba, lan\u00e7ado em 1961 pela RCA Victor, acompanhados pela Orquestra e arranjos do maestro Francisco Moraes. Um belo trabalho que vale a pena redescobri. Confiram no GTM.<\/div>\n<div class=\"separator\">\u00a0<\/div>\n<div class=\"separator\">chorou chorou<\/div>\n<div class=\"separator\">banca de mam\u00e3e<\/div>\n<div class=\"separator\">baianinha<\/div>\n<div class=\"separator\">o aumento n\u00e3o vem<\/div>\n<div class=\"separator\">bela rosa<\/div>\n<div class=\"separator\">ideias erradas<\/div>\n<div class=\"separator\">rosa morena<\/div>\n<div class=\"separator\">sozinha n\u00e3o<\/div>\n<div class=\"separator\">maria da penha<\/div>\n<div class=\"separator\">faceira<\/div>\n<div class=\"separator\">n\u00e3o tem problema<\/div>\n<div class=\"separator\">aprendi a li\u00e7\u00e3o<\/div>\n<div class=\"separator\">\u00a0<\/div>\n<div class=\"separator\">.<\/div>","protected":false},"excerpt":{"rendered":"<p>J\u00e1 tivemos aqui no nosso Toque Musical, por v\u00e1rias vezes, o excelente grupo vocal Titulares do Ritmo. Conjunto que iniciou sua trajet\u00f3ria ainda nos anos 40, em Belo Horizonte. Era um sexteto de m\u00fasicos cantores cegos que se conheceram e &hellip; <a href=\"https:\/\/www.toque-musicall.com\/?p=10333\">Continue lendo <span class=\"meta-nav\">&rarr;<\/span><\/a><\/p>\n","protected":false},"author":1,"featured_media":0,"comment_status":"closed","ping_status":"closed","sticky":false,"template":"","format":"standard","meta":{"footnotes":""},"categories":[1],"tags":[3061,4153],"class_list":["post-10333","post","type-post","status-publish","format-standard","hentry","category-sem-categoria","tag-selo-rca-victor","tag-titulares-do-ritmo"],"_links":{"self":[{"href":"https:\/\/www.toque-musicall.com\/index.php?rest_route=\/wp\/v2\/posts\/10333","targetHints":{"allow":["GET"]}}],"collection":[{"href":"https:\/\/www.toque-musicall.com\/index.php?rest_route=\/wp\/v2\/posts"}],"about":[{"href":"https:\/\/www.toque-musicall.com\/index.php?rest_route=\/wp\/v2\/types\/post"}],"author":[{"embeddable":true,"href":"https:\/\/www.toque-musicall.com\/index.php?rest_route=\/wp\/v2\/users\/1"}],"replies":[{"embeddable":true,"href":"https:\/\/www.toque-musicall.com\/index.php?rest_route=%2Fwp%2Fv2%2Fcomments&post=10333"}],"version-history":[{"count":1,"href":"https:\/\/www.toque-musicall.com\/index.php?rest_route=\/wp\/v2\/posts\/10333\/revisions"}],"predecessor-version":[{"id":10334,"href":"https:\/\/www.toque-musicall.com\/index.php?rest_route=\/wp\/v2\/posts\/10333\/revisions\/10334"}],"wp:attachment":[{"href":"https:\/\/www.toque-musicall.com\/index.php?rest_route=%2Fwp%2Fv2%2Fmedia&parent=10333"}],"wp:term":[{"taxonomy":"category","embeddable":true,"href":"https:\/\/www.toque-musicall.com\/index.php?rest_route=%2Fwp%2Fv2%2Fcategories&post=10333"},{"taxonomy":"post_tag","embeddable":true,"href":"https:\/\/www.toque-musicall.com\/index.php?rest_route=%2Fwp%2Fv2%2Ftags&post=10333"}],"curies":[{"name":"wp","href":"https:\/\/api.w.org\/{rel}","templated":true}]}}