{"id":10337,"date":"2024-03-24T17:57:38","date_gmt":"2024-03-24T20:57:38","guid":{"rendered":"https:\/\/www.toque-musicall.com\/?p=10337"},"modified":"2024-04-07T13:15:40","modified_gmt":"2024-04-07T16:15:40","slug":"conjunto-sergio-carvalho-alta-tensao-1967","status":"publish","type":"post","link":"https:\/\/www.toque-musicall.com\/?p=10337","title":{"rendered":"Conjunto Sergio Carvalho &#8211; Alta Tens\u00e3o (1967)"},"content":{"rendered":"\n<figure class=\"wp-block-image size-large\"><img decoding=\"async\" src=\"https:\/\/blogger.googleusercontent.com\/img\/b\/R29vZ2xl\/AVvXsEiIVrkU7r1vbicQtGaD3jMO3I81c7UV6tNvVRjam_zvgWPuZdBPs9xhKew0h0cYE61fsDjU-EAFMcvhkK7feurzQ8JBc3Fi5WyNNIxfOx3M30HbJExsznUzbmO1sUr794y1v6pnUi47zGALVDnQWhike1JAaILvzKPJbWCJ2Y2Kep9WH1U0-Rh6731Ts33R\/w640-h628\/Capturar.JPG\" alt=\"\"\/><\/figure>\n\n\n\n<figure class=\"wp-block-image size-large\"><img decoding=\"async\" src=\"https:\/\/blogger.googleusercontent.com\/img\/b\/R29vZ2xl\/AVvXsEjPDNXahp834QmoIxwsImkpvu3NDWnjedaV0UY4IlSTV_YX3NhsNWCMDH4J0nOX0drxcLF6NUKHWYAyWaYhng9FvmfwKWq-BkDXKk3cg33btai1SH3DvOcrfKSdal1FbcMLqjKNh70GjFePBuB7L269HOibNZDUwmJLNmpSrTiEcVefqRE5YAq0JVfqGPic\/w640-h626\/Capturarb.JPG\" alt=\"\"\/><\/figure>\n\n\n<div class=\"separator\">No rastro dos discos raros e muito procurados, aqui vai um dos mais interessantes, o &#8220;Alta tens\u00e3o&#8221;, lp que se n\u00e3o estou muito enganado foi o segundo disco gravado por este m\u00fasico carioca, S\u00e9rgio Carvalho e seu conjunto. Pouqu\u00edssimas ou quase nada h\u00e1 de informa\u00e7\u00e3o sobre ele. Infelizmente, ficou esquecido nos anos 60 assim como tantos outros artistas e seus discos, hoje raridades que os colecionadores amam. S\u00e9rgio Carvalho come\u00e7ou novo, ainda com 15 anos, tocando nos sub\u00farbios do Rio de Janeiro, em boates e gafieiras. Seu instrumento era o cavaquinho, mas ao longo do tempo foi ganhando experi\u00eancia musical, se tornando um m\u00fasico de verdade. Passou para o piano e teclados, se tornou al\u00e9m de compositor, arranjador de grande talento, indo assim tocar em outras e melhores &#8216;pra\u00e7as&#8217; do Rio. Se destacou com um repert\u00f3rio equilibrado e competente, o que o\u00a0 levou ao disco em 1964, gravando seu primeiro lp pelo selo Continental. Novamente, ele s\u00f3 aparece em 67, neste disco lan\u00e7ado pelo selo Equipe, de Oswaldo Cadaxo, quando a gravadora ent\u00e3o completava dois anos de atividades. Neste disco temos um repert\u00f3rio mais pop, mesclando m\u00fasica nacional e internacional, por\u00e9m numa escolha musical de qualidade e tamb\u00e9m de personalidade, oque garante ser este um excelente lp.<\/div>\n<div class=\"separator\">\u00a0<\/div>\n<div class=\"separator\">vila rica<\/div>\n<div class=\"separator\">festa em san juan<\/div>\n<div class=\"separator\">s\u00e3o marcos<\/div>\n<div class=\"separator\">balaio<\/div>\n<div class=\"separator\">solit\u00e1rio vem quente que eu estou fervendo<\/div>\n<div class=\"separator\">jardineira \/ trevo de quatro folhas<\/div>\n<div class=\"separator\">saint victus dance<\/div>\n<div class=\"separator\">a saudade mata a gente<\/div>\n<div class=\"separator\">garota do carnaval<\/div>\n<div class=\"separator\">sunny<\/div>\n<div class=\"separator\">days of wine and roses<\/div>\n<div class=\"separator\">\u00a0<\/div>\n<div class=\"separator\">\u00a0<\/div>","protected":false},"excerpt":{"rendered":"<p>No rastro dos discos raros e muito procurados, aqui vai um dos mais interessantes, o &#8220;Alta tens\u00e3o&#8221;, lp que se n\u00e3o estou muito enganado foi o segundo disco gravado por este m\u00fasico carioca, S\u00e9rgio Carvalho e seu conjunto. Pouqu\u00edssimas ou &hellip; <a href=\"https:\/\/www.toque-musicall.com\/?p=10337\">Continue lendo <span class=\"meta-nav\">&rarr;<\/span><\/a><\/p>\n","protected":false},"author":1,"featured_media":0,"comment_status":"closed","ping_status":"closed","sticky":false,"template":"","format":"standard","meta":{"footnotes":""},"categories":[1],"tags":[5622,3101],"class_list":["post-10337","post","type-post","status-publish","format-standard","hentry","category-sem-categoria","tag-conjunto-sergio-carvalho","tag-selo-equipe"],"_links":{"self":[{"href":"https:\/\/www.toque-musicall.com\/index.php?rest_route=\/wp\/v2\/posts\/10337","targetHints":{"allow":["GET"]}}],"collection":[{"href":"https:\/\/www.toque-musicall.com\/index.php?rest_route=\/wp\/v2\/posts"}],"about":[{"href":"https:\/\/www.toque-musicall.com\/index.php?rest_route=\/wp\/v2\/types\/post"}],"author":[{"embeddable":true,"href":"https:\/\/www.toque-musicall.com\/index.php?rest_route=\/wp\/v2\/users\/1"}],"replies":[{"embeddable":true,"href":"https:\/\/www.toque-musicall.com\/index.php?rest_route=%2Fwp%2Fv2%2Fcomments&post=10337"}],"version-history":[{"count":1,"href":"https:\/\/www.toque-musicall.com\/index.php?rest_route=\/wp\/v2\/posts\/10337\/revisions"}],"predecessor-version":[{"id":10338,"href":"https:\/\/www.toque-musicall.com\/index.php?rest_route=\/wp\/v2\/posts\/10337\/revisions\/10338"}],"wp:attachment":[{"href":"https:\/\/www.toque-musicall.com\/index.php?rest_route=%2Fwp%2Fv2%2Fmedia&parent=10337"}],"wp:term":[{"taxonomy":"category","embeddable":true,"href":"https:\/\/www.toque-musicall.com\/index.php?rest_route=%2Fwp%2Fv2%2Fcategories&post=10337"},{"taxonomy":"post_tag","embeddable":true,"href":"https:\/\/www.toque-musicall.com\/index.php?rest_route=%2Fwp%2Fv2%2Ftags&post=10337"}],"curies":[{"name":"wp","href":"https:\/\/api.w.org\/{rel}","templated":true}]}}