{"id":10339,"date":"2024-03-25T13:13:07","date_gmt":"2024-03-25T16:13:07","guid":{"rendered":"https:\/\/www.toque-musicall.com\/?p=10339"},"modified":"2024-04-07T13:16:36","modified_gmt":"2024-04-07T16:16:36","slug":"peter-thomas-e-seu-conjunto-o-novo-som-espetacular-1965","status":"publish","type":"post","link":"https:\/\/www.toque-musicall.com\/?p=10339","title":{"rendered":"Peter Thomas E Seu Conjunto &#8211; O Novo Som Espetacular (1965)"},"content":{"rendered":"\n<figure class=\"wp-block-image size-large\"><img decoding=\"async\" src=\"https:\/\/blogger.googleusercontent.com\/img\/b\/R29vZ2xl\/AVvXsEhVF6INArtXluw6GpCtxiGuw9hDa57UWspbY5o7frKUIVw8K79BbxoQg26oeakIggGOGanTwnM1PyN0T0hLK3sjUOMlVY9VAWU6LTC9DVfHU2nKZR8b2ObeiEHt0Zvpr3Rjmy0gC5-yNgYoSQRrwvaJmEaTQuTVmN79CgzTXU53qfMMg3WwUtTn1ajcK8k8\/w634-h640\/Capturar.JPG\" alt=\"\"\/><\/figure>\n\n\n\n<figure class=\"wp-block-image size-large\"><img decoding=\"async\" src=\"https:\/\/blogger.googleusercontent.com\/img\/b\/R29vZ2xl\/AVvXsEgxFaEjrk54Bh1xQutH4-Ei-QCl7xLc8mJpj8rzwQFJfhkoS8gMF8r2TVZFSprSz-HJ6_hjeBt4MqaYzhe9dPFQA2BoHpTpzTSBikhh1_qIlTWcfhyphenhyphenKOxgK9xAGBHJeqWkA6vAnFadY_xF3h8-BYaYFr4RNEoxvRtIJ4O3ZSC5jjbPNFz9_MoLfk0au4Xuv\/w634-h640\/Capturarb.JPG\" alt=\"\"\/><\/figure>\n\n\n<div class=\"separator\">Olha a\u00ed, aqui vai outro &#8216;disquinho&#8217; bacana, uma boa raridade que agrada em cheio, Peter Thomas e seu conjunto. Segundo o Dicion\u00e1rio Cravo Albin da MPB, Peter Thomas era o nome art\u00edstico do m\u00fasico carioca Pedro Thom\u00e1s, compositor e instrumentista do acordeom, \u00f3rg\u00e3o e outros teclados. Formou seu conjunto no in\u00edcio dos anos 60, um octeto onde integrava um time de m\u00fasicos de qualidade. O grupo fez um relativo sucesso se apresentando principalmente na televis\u00e3o. Tamb\u00e9m consta que se apresentaram em bailes e boates. Ao que tudo indica, gravaram apenas tr\u00eas lps, sendo este, &#8220;O novo som espetacular&#8221; seu disco de estreia, lan\u00e7ado em 1965 pelo selo Fantasia. Acredito tamb\u00e9m que tenha sido este um dos diversos conjuntos que gravaram ou tiveram seus fonogramas usados por editoras como a Codil, em outros lan\u00e7amentos, com outros nomes e tamb\u00e9m em outras pequenas gravadoras nos anos 60. Este primeiro lan\u00e7amento \u00e9, sem d\u00favida, o trabalho mais interessante, original e com um repert\u00f3rio que vale a pena ouvir e conhecer&#8230; Disco raro!<\/div>\n<div class=\"separator\">\u00a0<\/div>\n<div class=\"separator\">d\u00e1 bola<\/div>\n<div class=\"separator\">na paz do seu olhar<\/div>\n<div class=\"separator\">bicho<\/div>\n<div class=\"separator\">primavera<\/div>\n<div class=\"separator\">p\u00e9 duro<\/div>\n<div class=\"separator\">garota moderna<\/div>\n<div class=\"separator\">sax samba<\/div>\n<div class=\"separator\">camarada \u00ea<\/div>\n<div class=\"separator\">voc\u00ea<\/div>\n<div class=\"separator\">ti\u00e3o<\/div>\n<div class=\"separator\">pobre jo\u00e3o<\/div>\n<div class=\"separator\">megeve<\/div>\n<div class=\"separator\">\u00a0<\/div>\n<div class=\"separator\">\u00a0<\/div>\n<div class=\"separator\">.<\/div>","protected":false},"excerpt":{"rendered":"<p>Olha a\u00ed, aqui vai outro &#8216;disquinho&#8217; bacana, uma boa raridade que agrada em cheio, Peter Thomas e seu conjunto. Segundo o Dicion\u00e1rio Cravo Albin da MPB, Peter Thomas era o nome art\u00edstico do m\u00fasico carioca Pedro Thom\u00e1s, compositor e instrumentista &hellip; <a href=\"https:\/\/www.toque-musicall.com\/?p=10339\">Continue lendo <span class=\"meta-nav\">&rarr;<\/span><\/a><\/p>\n","protected":false},"author":1,"featured_media":0,"comment_status":"closed","ping_status":"closed","sticky":false,"template":"","format":"standard","meta":{"footnotes":""},"categories":[1],"tags":[5623,4236],"class_list":["post-10339","post","type-post","status-publish","format-standard","hentry","category-sem-categoria","tag-peter-thomas-e-seu-conjunto","tag-selo-fantasia"],"_links":{"self":[{"href":"https:\/\/www.toque-musicall.com\/index.php?rest_route=\/wp\/v2\/posts\/10339","targetHints":{"allow":["GET"]}}],"collection":[{"href":"https:\/\/www.toque-musicall.com\/index.php?rest_route=\/wp\/v2\/posts"}],"about":[{"href":"https:\/\/www.toque-musicall.com\/index.php?rest_route=\/wp\/v2\/types\/post"}],"author":[{"embeddable":true,"href":"https:\/\/www.toque-musicall.com\/index.php?rest_route=\/wp\/v2\/users\/1"}],"replies":[{"embeddable":true,"href":"https:\/\/www.toque-musicall.com\/index.php?rest_route=%2Fwp%2Fv2%2Fcomments&post=10339"}],"version-history":[{"count":1,"href":"https:\/\/www.toque-musicall.com\/index.php?rest_route=\/wp\/v2\/posts\/10339\/revisions"}],"predecessor-version":[{"id":10340,"href":"https:\/\/www.toque-musicall.com\/index.php?rest_route=\/wp\/v2\/posts\/10339\/revisions\/10340"}],"wp:attachment":[{"href":"https:\/\/www.toque-musicall.com\/index.php?rest_route=%2Fwp%2Fv2%2Fmedia&parent=10339"}],"wp:term":[{"taxonomy":"category","embeddable":true,"href":"https:\/\/www.toque-musicall.com\/index.php?rest_route=%2Fwp%2Fv2%2Fcategories&post=10339"},{"taxonomy":"post_tag","embeddable":true,"href":"https:\/\/www.toque-musicall.com\/index.php?rest_route=%2Fwp%2Fv2%2Ftags&post=10339"}],"curies":[{"name":"wp","href":"https:\/\/api.w.org\/{rel}","templated":true}]}}