{"id":10344,"date":"2024-03-21T17:29:41","date_gmt":"2024-03-21T20:29:41","guid":{"rendered":"https:\/\/www.toque-musicall.com\/?p=10344"},"modified":"2024-04-10T17:32:02","modified_gmt":"2024-04-10T20:32:02","slug":"nielsens-boys-alegria-do-passado-e-do-presente-a-crianca-1969-2","status":"publish","type":"post","link":"https:\/\/www.toque-musicall.com\/?p=10344","title":{"rendered":"Nielsens Boys &#8211; Alegria Do Passado E Do Presente &#8211; A Crian\u00e7a (1969)\u00a0"},"content":{"rendered":"\n<figure class=\"wp-block-image size-large\"><img decoding=\"async\" src=\"https:\/\/blogger.googleusercontent.com\/img\/b\/R29vZ2xl\/AVvXsEgV7l6riFfVHYQ7xMSBCuzlDRyj1xK7lRM_VhsvUem65rdNhx0zOY9XF8CsnTPHe6x_qM5akTl2AbCZFBuf0IkS31hcJ_2qtVLQcSMp_q8shLUZgqZ-crxEdc3ZDVmt_oCKQvMTXWvbN1eExWGATvYzXtz6q_W9JDjv5LovhypOXx0Tr1GJZV5DDJ-Gvk_P\/w636-h640\/Capturar.JPG\" alt=\"\"\/><\/figure>\n\n\n\n<figure class=\"wp-block-image size-large\"><img decoding=\"async\" src=\"https:\/\/blogger.googleusercontent.com\/img\/b\/R29vZ2xl\/AVvXsEjnlcZkrrTkJBvyRPk214_9M-pRurU_yw2iNH4PyZH-0WiFyfQmepUI-jFb45rpYCsuA1cfnZ6W3mivIdDvZ8dAs0bKDqJiCmnSOKqXcb9pIZ53VnaaCSlfbqSzoKrdjXDiD3U1NaNK-EKQ4FhBIlOsj09ACqsVkJr_uvZlpCK5V5jJHBnelWJRDA6xZPYo\/w636-h640\/Capturarb.JPG\" alt=\"\"\/><\/figure>\n\n\n<div class=\"separator\">Aqui temos uma produ\u00e7\u00e3o curiosa e porque n\u00e3o dizer obscura&#8230; Um lp, ao que consta, lan\u00e7ado em 1969 por um tamb\u00e9m obscuro selo TVP e sendo este seu primeiro lan\u00e7amento. O lp como se v\u00ea tem o t\u00edtulo de &#8220;Alegria do Passado e do Presente &#8211; A Crian\u00e7a&#8221; e \u00e9 uma edi\u00e7\u00e3o especial beneficente para a Funda\u00e7\u00e3o Waldomiro Lobo, uma entidade com sede em Belo Horizonte, voltada para a assist\u00eancia a pessoas carentes com tuberculose. At\u00e9 aqui, tudo normal e por esse t\u00edtulo e tamb\u00e9m pela capa a gente pensa logo em algo pr\u00f3ximo dessa situa\u00e7\u00e3o&#8230; Por\u00e9m, para surpresa daqueles se aventuraram a tirar o disco e coloca-lo para tocar, o que se ouve \u00e9 algo surpreendente e inesperado, pois \u00e9 s\u00f3 no selo que ent\u00e3o aparece o nome do artista e o repert\u00f3rio. No caso aqui \u00e9 um conjunto, cujo o nome \u00e9 Nielsens Boys. A sele\u00e7\u00e3o musical \u00e9 toda anos 60, totalmente Jovem Guarda e com uma qualidade de chamar a aten\u00e7\u00e3o. Dif\u00edcil \u00e9 achar informa\u00e7\u00e3o sobre eles. Ali\u00e1s, sobre tudo, toda essa produ\u00e7\u00e3o&#8230; Um verdadeiro mist\u00e9rio. Tudo come\u00e7a e termina no pr\u00f3prio \u00e1lbum. Mas, considerando ser uma produ\u00e7\u00e3o para uma funda\u00e7\u00e3o mineira, de Beag\u00e1, posso supor que seja coisa de artistas locais. Talvez algum pretenso projeto de lp que n\u00e3o vingou nos anos 60 e que veio a ser aproveitado depois. Digo depois, porque a capa e seu layout n\u00e3o parecem ser dos anos 60, mas talvez 70, sabe-se l\u00e1&#8230; Conjecturas&#8230; mas, enfim, vale a pena ouvir \ud83d\ude09<\/div>\n<div class=\"separator\">\u00a0<\/div>\n<div class=\"separator\">PS: Passada algumas semanas desta postagem, eis que o mist\u00e9rio do tal conjunto Nielsens Boys \u00e9 esclarecido. Segundo o meu amigo Fares, o Nielsens Boys nada mais \u00e9 que o lend\u00e1rio grupo The Jordans. Confesso que nunca teria imaginado, por\u00e9m esses fonogramas tamb\u00e9m chegaram a ser lan\u00e7ados em uma edi\u00e7\u00e3o em cd com o t\u00edtulo, &#8220;Grandes Sucessos The Jordans&#8221;, em 2014. Pois \u00e9, s\u00f3 mesmo que viveu essa fase dos primeiros grupos de rock brasileiro poderia saber.\u00a0<\/div>\n<div class=\"separator\">\u00a0<\/div>\n<div class=\"separator\">quero que v\u00e1 tudo pro inferno<\/div>\n<div class=\"separator\">esc\u00e2ndalo em fam\u00edlia\u00a0<\/div>\n<div class=\"separator\">pescaria<\/div>\n<div class=\"separator\">casa do sol nascente<\/div>\n<div class=\"separator\">wooly booly<\/div>\n<div class=\"separator\">festa de arromba<\/div>\n<div class=\"separator\">dan\u00e7a do p\u00e9<\/div>\n<div class=\"separator\">the sound of silence<\/div>\n<div class=\"separator\">ternura<\/div>\n<div class=\"separator\">tua voz<\/div>\n<div class=\"separator\">andalucia<\/div>\n<div class=\"separator\">all my loving<\/div>\n<div class=\"separator\">\u00a0<\/div>\n<div class=\"separator\">\u00a0<\/div>\n<div class=\"separator\">.\u00a0<\/div>","protected":false},"excerpt":{"rendered":"<p>Aqui temos uma produ\u00e7\u00e3o curiosa e porque n\u00e3o dizer obscura&#8230; Um lp, ao que consta, lan\u00e7ado em 1969 por um tamb\u00e9m obscuro selo TVP e sendo este seu primeiro lan\u00e7amento. O lp como se v\u00ea tem o t\u00edtulo de &#8220;Alegria &hellip; <a href=\"https:\/\/www.toque-musicall.com\/?p=10344\">Continue lendo <span class=\"meta-nav\">&rarr;<\/span><\/a><\/p>\n","protected":false},"author":1,"featured_media":0,"comment_status":"closed","ping_status":"closed","sticky":false,"template":"","format":"standard","meta":{"footnotes":""},"categories":[1],"tags":[5618,5619,5625],"class_list":["post-10344","post","type-post","status-publish","format-standard","hentry","category-sem-categoria","tag-nielsens-boys","tag-selo-tvp","tag-the-jordans"],"_links":{"self":[{"href":"https:\/\/www.toque-musicall.com\/index.php?rest_route=\/wp\/v2\/posts\/10344","targetHints":{"allow":["GET"]}}],"collection":[{"href":"https:\/\/www.toque-musicall.com\/index.php?rest_route=\/wp\/v2\/posts"}],"about":[{"href":"https:\/\/www.toque-musicall.com\/index.php?rest_route=\/wp\/v2\/types\/post"}],"author":[{"embeddable":true,"href":"https:\/\/www.toque-musicall.com\/index.php?rest_route=\/wp\/v2\/users\/1"}],"replies":[{"embeddable":true,"href":"https:\/\/www.toque-musicall.com\/index.php?rest_route=%2Fwp%2Fv2%2Fcomments&post=10344"}],"version-history":[{"count":1,"href":"https:\/\/www.toque-musicall.com\/index.php?rest_route=\/wp\/v2\/posts\/10344\/revisions"}],"predecessor-version":[{"id":10345,"href":"https:\/\/www.toque-musicall.com\/index.php?rest_route=\/wp\/v2\/posts\/10344\/revisions\/10345"}],"wp:attachment":[{"href":"https:\/\/www.toque-musicall.com\/index.php?rest_route=%2Fwp%2Fv2%2Fmedia&parent=10344"}],"wp:term":[{"taxonomy":"category","embeddable":true,"href":"https:\/\/www.toque-musicall.com\/index.php?rest_route=%2Fwp%2Fv2%2Fcategories&post=10344"},{"taxonomy":"post_tag","embeddable":true,"href":"https:\/\/www.toque-musicall.com\/index.php?rest_route=%2Fwp%2Fv2%2Ftags&post=10344"}],"curies":[{"name":"wp","href":"https:\/\/api.w.org\/{rel}","templated":true}]}}