{"id":10348,"date":"2024-03-27T19:11:32","date_gmt":"2024-03-27T22:11:32","guid":{"rendered":"https:\/\/www.toque-musicall.com\/?p=10348"},"modified":"2024-04-18T19:15:08","modified_gmt":"2024-04-18T22:15:08","slug":"francisco-petronio-e-conjunto-epoca-de-ouro-1976","status":"publish","type":"post","link":"https:\/\/www.toque-musicall.com\/?p=10348","title":{"rendered":"Francisco Petr\u00f4nio E Conjunto \u00c9poca De Ouro (1976)"},"content":{"rendered":"\n<figure class=\"wp-block-image size-large\"><img decoding=\"async\" src=\"https:\/\/blogger.googleusercontent.com\/img\/b\/R29vZ2xl\/AVvXsEhzEP4f5fS0TnjRNmBGhTZOQPYNH1lVpYJtmznZ4FhfdYfmjwoGRjKBP7r1kEgO3DRkoz-5VluiVBRJwBrECOjjP1OTNwkVBs4GsF_W_yTv5cFo4z8rWXy8irBm5ToxbGUa9UlOvjLPP0mwqb2UBILgv6yv2jMEKG8SsTCcUbfU7QfnL0tmPnHb1_RMVGt-\/w638-h640\/Capturar.JPG\" alt=\"\"\/><\/figure>\n\n\n\n<figure class=\"wp-block-image size-large\"><img decoding=\"async\" src=\"https:\/\/blogger.googleusercontent.com\/img\/b\/R29vZ2xl\/AVvXsEiLpARy5RkTC0RnBA4Ey3i-Opg3Ugu_z-1jEFElyzQj79AxbeeZgWGgJckVWWkhYzWBaBD-TSFsfIDqm9ACjrQHkF9bw-mY8zLJFAVPJ5XP-IWIm3dTcqSCtY38BUjGhEGne-Gv6BBntezbPZ7lYtL8q_FigPvWVB4i2LasNcw6KmM-jMkQHm6KrxBFua9H\/w634-h640\/Capturarb.JPG\" alt=\"\"\/><\/figure>\n\n\n<div class=\"separator\">Ol\u00e1! Seguindo em nossas postagens, hoje vamos atendendo a uma solicita\u00e7\u00e3o que h\u00e1 muito nos foi feita. Embora seja um disco relativamente f\u00e1cil de encontrar, principalmente no Youtube, aqui ele segue na sua integralidade. Tem gente que quer n\u00e3o s\u00f3 o conte\u00fado, mas tamb\u00e9m o inv\u00f3lucro e aqui procuramos trazer o pacote completo \ud83d\ude42<\/div>\n<div class=\"separator\">Ent\u00e3o, temos o cantor Francisco Petr\u00f4nio acompanhado pelo Conjunto \u00c9poca de Ouro. E como o t\u00edtulo mesmo nos apresenta, trata-se de um disco de serestas. Uma s\u00e9rie de cl\u00e1ssicos que todo seresteiro conhece. Este \u00e9 o volume 1, lan\u00e7ado em 1976 pelo selo Continental. Francisco Petr\u00f4nio foi um interprete das serestas, um estilo que ele assumiu com toda a pompa e estilo. Antes, no in\u00edcio de carreira ele cantava era os boleros. J\u00e1 postamos aqui outros discos com ele, acompanhado do grande violonista Dilermando Reis. Mas esse momento com o \u00c9poca de Ouro \u00e9 memor\u00e1vel. Para os que n\u00e3o conhece, fica a dica&#8230;<\/div>\n<div class=\"separator\">\u00a0<\/div>\n<div class=\"separator\">aos p\u00e9s da cruz<\/div>\n<div class=\"separator\">fita amarela<\/div>\n<div class=\"separator\">feitio de ora\u00e7\u00e3o<\/div>\n<div class=\"separator\">errei, erramos<\/div>\n<div class=\"separator\">braza<\/div>\n<div class=\"separator\">felicidade<\/div>\n<div class=\"separator\">meu romance<\/div>\n<div class=\"separator\">amigo leal foi ela<\/div>\n<div class=\"separator\">favela<\/div>\n<div class=\"separator\">serra da boa esperan\u00e7a<\/div>\n<div class=\"separator\">\u00a0<\/div>\n<div class=\"separator\">\u00a0<\/div>","protected":false},"excerpt":{"rendered":"<p>Ol\u00e1! Seguindo em nossas postagens, hoje vamos atendendo a uma solicita\u00e7\u00e3o que h\u00e1 muito nos foi feita. Embora seja um disco relativamente f\u00e1cil de encontrar, principalmente no Youtube, aqui ele segue na sua integralidade. Tem gente que quer n\u00e3o s\u00f3 &hellip; <a href=\"https:\/\/www.toque-musicall.com\/?p=10348\">Continue lendo <span class=\"meta-nav\">&rarr;<\/span><\/a><\/p>\n","protected":false},"author":1,"featured_media":0,"comment_status":"closed","ping_status":"closed","sticky":false,"template":"","format":"standard","meta":{"footnotes":""},"categories":[1],"tags":[4034,5195,3327],"class_list":["post-10348","post","type-post","status-publish","format-standard","hentry","category-sem-categoria","tag-conjunto-epoca-de-ouro","tag-francisco-petronio","tag-selo-continental"],"_links":{"self":[{"href":"https:\/\/www.toque-musicall.com\/index.php?rest_route=\/wp\/v2\/posts\/10348","targetHints":{"allow":["GET"]}}],"collection":[{"href":"https:\/\/www.toque-musicall.com\/index.php?rest_route=\/wp\/v2\/posts"}],"about":[{"href":"https:\/\/www.toque-musicall.com\/index.php?rest_route=\/wp\/v2\/types\/post"}],"author":[{"embeddable":true,"href":"https:\/\/www.toque-musicall.com\/index.php?rest_route=\/wp\/v2\/users\/1"}],"replies":[{"embeddable":true,"href":"https:\/\/www.toque-musicall.com\/index.php?rest_route=%2Fwp%2Fv2%2Fcomments&post=10348"}],"version-history":[{"count":1,"href":"https:\/\/www.toque-musicall.com\/index.php?rest_route=\/wp\/v2\/posts\/10348\/revisions"}],"predecessor-version":[{"id":10349,"href":"https:\/\/www.toque-musicall.com\/index.php?rest_route=\/wp\/v2\/posts\/10348\/revisions\/10349"}],"wp:attachment":[{"href":"https:\/\/www.toque-musicall.com\/index.php?rest_route=%2Fwp%2Fv2%2Fmedia&parent=10348"}],"wp:term":[{"taxonomy":"category","embeddable":true,"href":"https:\/\/www.toque-musicall.com\/index.php?rest_route=%2Fwp%2Fv2%2Fcategories&post=10348"},{"taxonomy":"post_tag","embeddable":true,"href":"https:\/\/www.toque-musicall.com\/index.php?rest_route=%2Fwp%2Fv2%2Ftags&post=10348"}],"curies":[{"name":"wp","href":"https:\/\/api.w.org\/{rel}","templated":true}]}}