{"id":10350,"date":"2024-03-28T19:15:15","date_gmt":"2024-03-28T22:15:15","guid":{"rendered":"https:\/\/www.toque-musicall.com\/?p=10350"},"modified":"2024-04-18T19:17:25","modified_gmt":"2024-04-18T22:17:25","slug":"black-out-com-conjunto-1956","status":"publish","type":"post","link":"https:\/\/www.toque-musicall.com\/?p=10350","title":{"rendered":"Black-Out Com Conjunto (1956)"},"content":{"rendered":"\n<figure class=\"wp-block-image size-large\"><img decoding=\"async\" src=\"https:\/\/blogger.googleusercontent.com\/img\/b\/R29vZ2xl\/AVvXsEir1DPmewjxQF4ziG0Oz9yUqdHabx5IwJQA6fOS7boB9TO4JtBS9y7dDPcu4KRcAVW99NXoBItdwUY2HHyTJ5CxOlhoPhbawUbeu9DhS7p5gmmFQPRgmKDuTD8Clw5Qsu-TQtOgbwZKD_dr496Wlx8GTGL8X_zIIgZoqsNjBhRHCnqDJFlXIza5eLkMG4Uj\/w640-h628\/Capturar.JPG\" alt=\"\"\/><\/figure>\n\n\n\n<figure class=\"wp-block-image size-large\"><img decoding=\"async\" src=\"https:\/\/blogger.googleusercontent.com\/img\/b\/R29vZ2xl\/AVvXsEjPK5T296D6rD13LUI1PaQS9MLMN3h7pYnMUpxOBY1UH7A-ZHHRVq8Z98C0YvvwaFITooN59napdKiK1el7AhZ6AbHkOGbfZi1cXsUuyAQDis8T2esAPALoD1eRkGtKtYGyw8QenpqJPn2_e29GrQOBIvi-S1B3_vowcvBqFc4LwBfd5garSRgvx7tthCGb\/w640-h638\/Capturarb.JPG\" alt=\"\"\/><\/figure>\n\n\n<div class=\"separator\">Hoje vamos com o &#8220;General da Banda&#8221;, outro apelido para Ot\u00e1vio Henrique de Oliveira tamb\u00e9m conhecido por &#8220;Black-Out&#8221;, &#8216;Blackout&#8221; e &#8220;Blecaute&#8221;, deriva\u00e7\u00f5es que foram surgindo ao longo da carreira e dos discos deste lend\u00e1rio cantor e compositor que gravou dezenas de discos entre bolachas de 10 polegadas com duas m\u00fasicas at\u00e9 lps de 10 e 12 polegadas. Teve uma s\u00f3lida carreira, atuando dos anos 40 at\u00e9 os anos 70. Gravou muitos sambas, boleros, toadas e m\u00fasicas carnavalescas. Aqui temos dele um dos seus primeiros lps de 10&#8243;, trazendo oito m\u00fasicas originalmente lan\u00e7adas em bolachas do selo Copacabana, em 1956.\u00a0<\/div>\n<div class=\"separator\">\u00a0<\/div>\n<div class=\"separator\">agarradinho<\/div>\n<div class=\"separator\">minha senhora<\/div>\n<div class=\"separator\">que ser\u00e1<\/div>\n<div class=\"separator\">cabrocha<\/div>\n<div class=\"separator\">vou me embora s\u00e1 dona<\/div>\n<div class=\"separator\">linguagem do povo<\/div>\n<div class=\"separator\">use a cabe\u00e7a<\/div>\n<div class=\"separator\">caridade<\/div>\n<div class=\"separator\">\u00a0<\/div>\n<div class=\"separator\">\u00a0<\/div>\n<div class=\"separator\">.<\/div>","protected":false},"excerpt":{"rendered":"<p>Hoje vamos com o &#8220;General da Banda&#8221;, outro apelido para Ot\u00e1vio Henrique de Oliveira tamb\u00e9m conhecido por &#8220;Black-Out&#8221;, &#8216;Blackout&#8221; e &#8220;Blecaute&#8221;, deriva\u00e7\u00f5es que foram surgindo ao longo da carreira e dos discos deste lend\u00e1rio cantor e compositor que gravou dezenas &hellip; <a href=\"https:\/\/www.toque-musicall.com\/?p=10350\">Continue lendo <span class=\"meta-nav\">&rarr;<\/span><\/a><\/p>\n","protected":false},"author":1,"featured_media":0,"comment_status":"closed","ping_status":"closed","sticky":false,"template":"","format":"standard","meta":{"footnotes":""},"categories":[1],"tags":[5626,4731,4734,3108],"class_list":["post-10350","post","type-post","status-publish","format-standard","hentry","category-sem-categoria","tag-black-out","tag-blackout","tag-blecaute","tag-selo-copacabana"],"_links":{"self":[{"href":"https:\/\/www.toque-musicall.com\/index.php?rest_route=\/wp\/v2\/posts\/10350","targetHints":{"allow":["GET"]}}],"collection":[{"href":"https:\/\/www.toque-musicall.com\/index.php?rest_route=\/wp\/v2\/posts"}],"about":[{"href":"https:\/\/www.toque-musicall.com\/index.php?rest_route=\/wp\/v2\/types\/post"}],"author":[{"embeddable":true,"href":"https:\/\/www.toque-musicall.com\/index.php?rest_route=\/wp\/v2\/users\/1"}],"replies":[{"embeddable":true,"href":"https:\/\/www.toque-musicall.com\/index.php?rest_route=%2Fwp%2Fv2%2Fcomments&post=10350"}],"version-history":[{"count":1,"href":"https:\/\/www.toque-musicall.com\/index.php?rest_route=\/wp\/v2\/posts\/10350\/revisions"}],"predecessor-version":[{"id":10351,"href":"https:\/\/www.toque-musicall.com\/index.php?rest_route=\/wp\/v2\/posts\/10350\/revisions\/10351"}],"wp:attachment":[{"href":"https:\/\/www.toque-musicall.com\/index.php?rest_route=%2Fwp%2Fv2%2Fmedia&parent=10350"}],"wp:term":[{"taxonomy":"category","embeddable":true,"href":"https:\/\/www.toque-musicall.com\/index.php?rest_route=%2Fwp%2Fv2%2Fcategories&post=10350"},{"taxonomy":"post_tag","embeddable":true,"href":"https:\/\/www.toque-musicall.com\/index.php?rest_route=%2Fwp%2Fv2%2Ftags&post=10350"}],"curies":[{"name":"wp","href":"https:\/\/api.w.org\/{rel}","templated":true}]}}