{"id":10352,"date":"2024-03-29T19:17:31","date_gmt":"2024-03-29T22:17:31","guid":{"rendered":"https:\/\/www.toque-musicall.com\/?p=10352"},"modified":"2024-04-18T19:19:29","modified_gmt":"2024-04-18T22:19:29","slug":"conjunto-ambar-ritmos-latino-americanos-1959","status":"publish","type":"post","link":"https:\/\/www.toque-musicall.com\/?p=10352","title":{"rendered":"Conjunto \u00c2mbar &#8211; Ritmos Latino-Americanos (1959)\u00a0"},"content":{"rendered":"\n<figure class=\"wp-block-image size-large\"><img decoding=\"async\" src=\"https:\/\/blogger.googleusercontent.com\/img\/b\/R29vZ2xl\/AVvXsEiLC-LVpJC8hgImpKU1bVD592COIppwJyyu28Tz47Lnn7eM4DMO29i35SWj6n5oqrUsFrjt9QsmqNP7gJMwEA89gVw7lT_ezVRpk_2IEeTD8SVdoIeLViFlO1kQZzAGToxm3DQMisXAuanh6DKgkGvZH0-iEh9XxsXW2Ea9RUcAoYg2frfcNJ7IfoC9wmlL\/w640-h630\/Capturar.JPG\" alt=\"\"\/><\/figure>\n\n\n\n<figure class=\"wp-block-image size-large\"><img decoding=\"async\" src=\"https:\/\/blogger.googleusercontent.com\/img\/b\/R29vZ2xl\/AVvXsEgc0E1jRTHMtSiBl9eznC2Xpd9hhgjb7IHPfXkzHniMswAXZp4aP0FQUM7wU3ooubz9gix6H_rFZHIVIC5etAYq-Gni3dvta24PdzIBzHQ6v44eOWl6PSTEe-jh5PNbFtZyA5JiDkVcw26Nl1sHRKUJVC7oXcMkRD7z_OhJ_WRyifpTSyMBzR4GDFHGPgvq\/w640-h628\/Capturarb.JPG\" alt=\"\"\/><\/figure>\n\n\n<div class=\"separator\">Vamos desta vez com um disco que chama a aten\u00e7\u00e3o j\u00e1 pela capa. Bonita, n\u00e9? Aqui temos o que foi a segunda produ\u00e7\u00e3o do selo Arp\u00e8ge, criando pelo m\u00fasico, &#8216;bandleader&#8217; e tamb\u00e9m empres\u00e1rio, o grande Waldir Calmon. Nos anos 50 ele foi tamb\u00e9m empres\u00e1rio, homem da noite e dono da famosa boate Arp\u00e8ge, onde se apresentava com seu conjunto e tamb\u00e9m dava espa\u00e7o para outros cantores e grupos. Entre esses, havia o Conjunto Ambar formado por m\u00fasicos vindos do Uruguai. Naquela \u00e9poca os ritmos latinos, boleros, mambos, merengues e outros eram a &#8216;coqueluche&#8217; do momento e na boate Arp\u00e8ge faziam muito sucesso. Waldir Calmon tamb\u00e9m tinha um selo e chegou a lan\u00e7ar v\u00e1rios discos por sua etiqueta que tamb\u00e9m chamava Arp\u00e8ge. Este, como disse, foi o segundo disco lan\u00e7ado pelo selo. Vale a pena conhecer&#8230;<\/div>\n<div class=\"separator\">\u00a0<\/div>\n<div class=\"separator\">la empaliza<\/div>\n<div class=\"separator\">ave maria lola<\/div>\n<div class=\"separator\">apambichao<\/div>\n<div class=\"separator\">my little one<\/div>\n<div class=\"separator\">pecadora<\/div>\n<div class=\"separator\">el montuno favorito<\/div>\n<div class=\"separator\">balada triste<\/div>\n<div class=\"separator\">la barca<\/div>\n<div class=\"separator\">loca ilusion<\/div>\n<div class=\"separator\">noche de ronda<\/div>\n<div class=\"separator\">duerme<\/div>\n<div class=\"separator\">quizas.. quizas&#8230; quizas&#8230;<\/div>\n<div class=\"separator\">\u00a0<\/div>\n<div class=\"separator\">\u00a0<\/div>\n<div class=\"separator\">.<\/div>\n<p>&nbsp;<\/p>","protected":false},"excerpt":{"rendered":"<p>Vamos desta vez com um disco que chama a aten\u00e7\u00e3o j\u00e1 pela capa. Bonita, n\u00e9? Aqui temos o que foi a segunda produ\u00e7\u00e3o do selo Arp\u00e8ge, criando pelo m\u00fasico, &#8216;bandleader&#8217; e tamb\u00e9m empres\u00e1rio, o grande Waldir Calmon. Nos anos 50 &hellip; <a href=\"https:\/\/www.toque-musicall.com\/?p=10352\">Continue lendo <span class=\"meta-nav\">&rarr;<\/span><\/a><\/p>\n","protected":false},"author":1,"featured_media":0,"comment_status":"closed","ping_status":"closed","sticky":false,"template":"","format":"standard","meta":{"footnotes":""},"categories":[1],"tags":[5627,5539],"class_list":["post-10352","post","type-post","status-publish","format-standard","hentry","category-sem-categoria","tag-conjunto-ambar","tag-selo-arpege"],"_links":{"self":[{"href":"https:\/\/www.toque-musicall.com\/index.php?rest_route=\/wp\/v2\/posts\/10352","targetHints":{"allow":["GET"]}}],"collection":[{"href":"https:\/\/www.toque-musicall.com\/index.php?rest_route=\/wp\/v2\/posts"}],"about":[{"href":"https:\/\/www.toque-musicall.com\/index.php?rest_route=\/wp\/v2\/types\/post"}],"author":[{"embeddable":true,"href":"https:\/\/www.toque-musicall.com\/index.php?rest_route=\/wp\/v2\/users\/1"}],"replies":[{"embeddable":true,"href":"https:\/\/www.toque-musicall.com\/index.php?rest_route=%2Fwp%2Fv2%2Fcomments&post=10352"}],"version-history":[{"count":1,"href":"https:\/\/www.toque-musicall.com\/index.php?rest_route=\/wp\/v2\/posts\/10352\/revisions"}],"predecessor-version":[{"id":10353,"href":"https:\/\/www.toque-musicall.com\/index.php?rest_route=\/wp\/v2\/posts\/10352\/revisions\/10353"}],"wp:attachment":[{"href":"https:\/\/www.toque-musicall.com\/index.php?rest_route=%2Fwp%2Fv2%2Fmedia&parent=10352"}],"wp:term":[{"taxonomy":"category","embeddable":true,"href":"https:\/\/www.toque-musicall.com\/index.php?rest_route=%2Fwp%2Fv2%2Fcategories&post=10352"},{"taxonomy":"post_tag","embeddable":true,"href":"https:\/\/www.toque-musicall.com\/index.php?rest_route=%2Fwp%2Fv2%2Ftags&post=10352"}],"curies":[{"name":"wp","href":"https:\/\/api.w.org\/{rel}","templated":true}]}}