{"id":10354,"date":"2024-03-30T19:43:47","date_gmt":"2024-03-30T22:43:47","guid":{"rendered":"https:\/\/www.toque-musicall.com\/?p=10354"},"modified":"2024-04-19T19:49:07","modified_gmt":"2024-04-19T22:49:07","slug":"convite-para-dancar-1956","status":"publish","type":"post","link":"https:\/\/www.toque-musicall.com\/?p=10354","title":{"rendered":"Convite Para Dan\u00e7ar Vol. 1 (1956)"},"content":{"rendered":"\n<figure class=\"wp-block-image size-large\"><img decoding=\"async\" src=\"https:\/\/blogger.googleusercontent.com\/img\/b\/R29vZ2xl\/AVvXsEiPglJVBGo8JMoVw59ACDUVmQBSM_D_a-peNO8StbrMvm7y5sf_wp1LORCunmYBudlIQTG39u073ZxDKVfsncsADPDpbaum_eTQkzlSfpCts42mZUr60eo1Jvr1jWE2Bxpn1xqHLvMna8T-dZy_W85sg0fcuO_1k-1Or15c9RS36Dd37zfG0JR_WmZLm5Iv\/w640-h618\/Capturar.JPG\" alt=\"\"\/><\/figure>\n\n\n\n<figure class=\"wp-block-image size-large\"><img decoding=\"async\" src=\"https:\/\/blogger.googleusercontent.com\/img\/b\/R29vZ2xl\/AVvXsEj3BFsULWLzIsgwd_IfTFe-_C94Jb8D-x_V7ifacD8oC6QPG4BobN_kS_Iu6s7XII7JkwIHmCScgdm1TKURJ9rJmCXoxV4edCScQXSsOdY7wysrYFP7mR4-bdk_p4T0mT62GeHhBWASh3snYQ2oi64A2NisS-pp0tYMBbS79l4iTAYphvSNJEMYKzRccyQl\/w640-h640\/Capturarb.JPG\" alt=\"\"\/><\/figure>\n\n\n<div class=\"separator\">Quase fechando o m\u00eas, segue aqui uma colet\u00e2nea da Musidisc lan\u00e7ada em 1956 em lp de 12 polegadas trazendo alguns dos artistas de seu &#8216;cast&#8217;. S\u00e3o faixas extra\u00eddas de discos lan\u00e7ados naquele per\u00edodo pela gravadora de Nilo Sergio. Sele\u00e7\u00e3o feita para dan\u00e7ar a dois, como era muito comum naqueles tempos. Vale a pena ouvir&#8230;<\/div>\n<div class=\"separator\">\u00a0<\/div>\n<div class=\"separator\">caravan &#8211; trio harm\u00f4nico<\/div>\n<div class=\"separator\">prenda minha &#8211; ubirajara silva<\/div>\n<div class=\"separator\">ay ay ay &#8211; trio surdina<\/div>\n<div class=\"separator\">musette vienense &#8211; trio harm\u00f4nico<\/div>\n<div class=\"separator\">linda flor &#8211; rud wharton<\/div>\n<div class=\"separator\">meu sonho \/ me leva &#8211; leal brito<\/div>\n<div class=\"separator\">carioca &#8211; trio harm\u00f4nico<\/div>\n<div class=\"separator\">andr\u00e9 de sapato novo &#8211; leal brito<\/div>\n<div class=\"separator\">dinamite &#8211; trio harm\u00f4nico<\/div>\n<div class=\"separator\">canto karabali &#8211; trio surdina<\/div>\n<div class=\"separator\">pretend &#8211; rud wharton<\/div>\n<div class=\"separator\">santa luzia &#8211; as tr\u00eas marias e leal brito<\/div>\n<div class=\"separator\">\u00a0<\/div>\n<div class=\"separator\">\u00a0<\/div>\n<div class=\"separator\">.<\/div>\n<div class=\"separator\">\u00a0<\/div>","protected":false},"excerpt":{"rendered":"<p>Quase fechando o m\u00eas, segue aqui uma colet\u00e2nea da Musidisc lan\u00e7ada em 1956 em lp de 12 polegadas trazendo alguns dos artistas de seu &#8216;cast&#8217;. S\u00e3o faixas extra\u00eddas de discos lan\u00e7ados naquele per\u00edodo pela gravadora de Nilo Sergio. Sele\u00e7\u00e3o feita &hellip; <a href=\"https:\/\/www.toque-musicall.com\/?p=10354\">Continue lendo <span class=\"meta-nav\">&rarr;<\/span><\/a><\/p>\n","protected":false},"author":1,"featured_media":0,"comment_status":"closed","ping_status":"closed","sticky":false,"template":"","format":"standard","meta":{"footnotes":""},"categories":[1],"tags":[4543,4164,5629,3514,5628,3528,5606],"class_list":["post-10354","post","type-post","status-publish","format-standard","hentry","category-sem-categoria","tag-as-tres-marias","tag-leal-brito","tag-rud-wharton","tag-selo-musidisc","tag-trio-hamonico","tag-trio-surdina","tag-ubirajara-silva"],"_links":{"self":[{"href":"https:\/\/www.toque-musicall.com\/index.php?rest_route=\/wp\/v2\/posts\/10354","targetHints":{"allow":["GET"]}}],"collection":[{"href":"https:\/\/www.toque-musicall.com\/index.php?rest_route=\/wp\/v2\/posts"}],"about":[{"href":"https:\/\/www.toque-musicall.com\/index.php?rest_route=\/wp\/v2\/types\/post"}],"author":[{"embeddable":true,"href":"https:\/\/www.toque-musicall.com\/index.php?rest_route=\/wp\/v2\/users\/1"}],"replies":[{"embeddable":true,"href":"https:\/\/www.toque-musicall.com\/index.php?rest_route=%2Fwp%2Fv2%2Fcomments&post=10354"}],"version-history":[{"count":2,"href":"https:\/\/www.toque-musicall.com\/index.php?rest_route=\/wp\/v2\/posts\/10354\/revisions"}],"predecessor-version":[{"id":10356,"href":"https:\/\/www.toque-musicall.com\/index.php?rest_route=\/wp\/v2\/posts\/10354\/revisions\/10356"}],"wp:attachment":[{"href":"https:\/\/www.toque-musicall.com\/index.php?rest_route=%2Fwp%2Fv2%2Fmedia&parent=10354"}],"wp:term":[{"taxonomy":"category","embeddable":true,"href":"https:\/\/www.toque-musicall.com\/index.php?rest_route=%2Fwp%2Fv2%2Fcategories&post=10354"},{"taxonomy":"post_tag","embeddable":true,"href":"https:\/\/www.toque-musicall.com\/index.php?rest_route=%2Fwp%2Fv2%2Ftags&post=10354"}],"curies":[{"name":"wp","href":"https:\/\/api.w.org\/{rel}","templated":true}]}}