{"id":10359,"date":"2024-04-01T17:01:45","date_gmt":"2024-04-01T20:01:45","guid":{"rendered":"https:\/\/www.toque-musicall.com\/?p=10359"},"modified":"2024-04-22T17:05:31","modified_gmt":"2024-04-22T20:05:31","slug":"ary-fontoura-e-odelair-rodrigues-os-versateis-1964","status":"publish","type":"post","link":"https:\/\/www.toque-musicall.com\/?p=10359","title":{"rendered":"Ary Fontoura E Odelair Rodrigues &#8211; Os Vers\u00e1teis (1964)"},"content":{"rendered":"\n<figure class=\"wp-block-image size-large\"><img decoding=\"async\" src=\"https:\/\/blogger.googleusercontent.com\/img\/b\/R29vZ2xl\/AVvXsEhl6wsVBMH7-sjVDucwSSSqgyjES40g2L3wDZf2FUxUEyeRSmmq4zDrB2kTTzXygvTkoe2ncUaLudyX8drqHV3SJfk3b4GVJGNS_-wLKj7Ha3tv1nuMZnHjZMRe17841Nx5hiAgTVeEJ5ngwkaj8CW3FfpfKev9uJYEdZRYSUGI30N11W7DOhpt1AxdB23R\/w640-h626\/capa.jpg\" alt=\"\"\/><\/figure>\n\n\n\n<figure class=\"wp-block-image size-large\"><img decoding=\"async\" src=\"https:\/\/blogger.googleusercontent.com\/img\/b\/R29vZ2xl\/AVvXsEj4eXRPoUn2LYvgkHZ6dKM_alr9n99zhBEOkCa_gePJjqr-aGxSYPVw5yhM49Maq8V-z5YAC3yp68MVFOWn8lb7lu5nUk_JA_C8AIFUn6kW-Y6FR48u5ZV72t-C_yHgg4bhAT1EUZAhLseFbHeXf8842et7yF08s6fMJr75gdubFOlQx7nBoUr1h8dHIDBo\/w640-h628\/contracapa.jpg\" alt=\"\"\/><\/figure>\n\n\n<div class=\"separator\">Come\u00e7ando mais um m\u00eas de postagem, abril, abrimos as cortinas do nosso palco para os atores, Ary Fontoura e Odelair Rodrigues, figuras que ainda hoje est\u00e3o presentes em nossa mem\u00f3ria, principalmente o Ary, ator &#8216;global&#8217; que protagonizou diversos personagens de novelas.\u00a0<\/div>\n<div class=\"separator\">Como cabe sempre ao nosso Toque Musical, aqui postamos todo tipo de curiosidades fonogr\u00e1ficas. E hoje temos este lp lan\u00e7ado pelo selo Copacabana, em 1964, onde os dois atores nos apresentam diferentes quadros humor\u00edsticos e musicais, coisa bem comum naqueles tempos onde as gravadoras tamb\u00e9m investiam nesses g\u00eaneros. Ali\u00e1s, as grava\u00e7\u00f5es fonogr\u00e1ficas tamb\u00e9m se prestavam a isso, al\u00e9m da m\u00fasica, se vendia em discos humor, hist\u00f3rias, poesia, pol\u00edtica e at\u00e9 curso de l\u00ednguas. Afinal, o disco era ent\u00e3o um dos melhores suportes de comunica\u00e7\u00e3o, chegando inclusive onde nem o r\u00e1dio ou a televis\u00e3o conseguiam chegar. Bastava existir um toca-discos. Hoje a coisa n\u00e3o \u00e9 mais assim e em disco s\u00f3 se houve m\u00fasica, o suporte cl\u00e1ssico que voltou a brilhar.<\/div>\n<div class=\"separator\">Mas eis, ent\u00e3o, nossa curiosidade, coisa que s\u00f3 teremos a oportunidade de ver, ouvir e conhecer na \u00edntegra em espa\u00e7os como aqui. Este lp j\u00e1 foi postado em outras &#8216;pra\u00e7as&#8217; e por certo, n\u00e3o poderia faltar tamb\u00e9m no Toque Musical. A contracapa do disco j\u00e1 traz todas as informa\u00e7\u00f5es complementares e ainda assim, se for pouco, basta dar uma &#8216;googada&#8217; que resto chega at\u00e9 voc\u00eas \ud83d\ude09<\/div>\n<div class=\"separator\">\u00a0<\/div>\n<div class=\"separator\">abertura (com orquestra)<\/div>\n<div class=\"separator\">traillers<\/div>\n<div class=\"separator\">supersti\u00e7\u00e3o<\/div>\n<div class=\"separator\">piadas<\/div>\n<div class=\"separator\">deputado<\/div>\n<div class=\"separator\">dr. pomposo<\/div>\n<div class=\"separator\">conselho da vov\u00f3<\/div>\n<div class=\"separator\">n\u00e3o importa<\/div>\n<div class=\"separator\">discuss\u00e3o<\/div>\n<div class=\"separator\">enigma<\/div>\n<div class=\"separator\">tudo pra mim \u00e9 voc\u00ea<\/div>\n<div class=\"separator\">mais uma valsa, mais uma saudade<\/div>\n<div class=\"separator\">\u00a0<\/div>\n<div class=\"separator\">\u00a0<\/div>\n<div class=\"separator\">.\u00a0<\/div>\n<div class=\"separator\">\u00a0<\/div>\n<div class=\"separator\">\u00a0<\/div>","protected":false},"excerpt":{"rendered":"<p>Come\u00e7ando mais um m\u00eas de postagem, abril, abrimos as cortinas do nosso palco para os atores, Ary Fontoura e Odelair Rodrigues, figuras que ainda hoje est\u00e3o presentes em nossa mem\u00f3ria, principalmente o Ary, ator &#8216;global&#8217; que protagonizou diversos personagens de &hellip; <a href=\"https:\/\/www.toque-musicall.com\/?p=10359\">Continue lendo <span class=\"meta-nav\">&rarr;<\/span><\/a><\/p>\n","protected":false},"author":1,"featured_media":0,"comment_status":"closed","ping_status":"closed","sticky":false,"template":"","format":"standard","meta":{"footnotes":""},"categories":[1],"tags":[5630,3036,5631,3108],"class_list":["post-10359","post","type-post","status-publish","format-standard","hentry","category-sem-categoria","tag-ary-fontoura","tag-humor","tag-odelair-rodrigues","tag-selo-copacabana"],"_links":{"self":[{"href":"https:\/\/www.toque-musicall.com\/index.php?rest_route=\/wp\/v2\/posts\/10359","targetHints":{"allow":["GET"]}}],"collection":[{"href":"https:\/\/www.toque-musicall.com\/index.php?rest_route=\/wp\/v2\/posts"}],"about":[{"href":"https:\/\/www.toque-musicall.com\/index.php?rest_route=\/wp\/v2\/types\/post"}],"author":[{"embeddable":true,"href":"https:\/\/www.toque-musicall.com\/index.php?rest_route=\/wp\/v2\/users\/1"}],"replies":[{"embeddable":true,"href":"https:\/\/www.toque-musicall.com\/index.php?rest_route=%2Fwp%2Fv2%2Fcomments&post=10359"}],"version-history":[{"count":1,"href":"https:\/\/www.toque-musicall.com\/index.php?rest_route=\/wp\/v2\/posts\/10359\/revisions"}],"predecessor-version":[{"id":10360,"href":"https:\/\/www.toque-musicall.com\/index.php?rest_route=\/wp\/v2\/posts\/10359\/revisions\/10360"}],"wp:attachment":[{"href":"https:\/\/www.toque-musicall.com\/index.php?rest_route=%2Fwp%2Fv2%2Fmedia&parent=10359"}],"wp:term":[{"taxonomy":"category","embeddable":true,"href":"https:\/\/www.toque-musicall.com\/index.php?rest_route=%2Fwp%2Fv2%2Fcategories&post=10359"},{"taxonomy":"post_tag","embeddable":true,"href":"https:\/\/www.toque-musicall.com\/index.php?rest_route=%2Fwp%2Fv2%2Ftags&post=10359"}],"curies":[{"name":"wp","href":"https:\/\/api.w.org\/{rel}","templated":true}]}}