{"id":10361,"date":"2024-04-02T17:05:44","date_gmt":"2024-04-02T20:05:44","guid":{"rendered":"https:\/\/www.toque-musicall.com\/?p=10361"},"modified":"2024-04-22T17:08:19","modified_gmt":"2024-04-22T20:08:19","slug":"eduardo-e-seus-menestreis-avanco-jovem-1968","status":"publish","type":"post","link":"https:\/\/www.toque-musicall.com\/?p=10361","title":{"rendered":"Eduardo E Seus Menestr\u00e9is &#8211; Avan\u00e7o Jovem (1968)"},"content":{"rendered":"\n<figure class=\"wp-block-image size-large\"><img decoding=\"async\" src=\"https:\/\/blogger.googleusercontent.com\/img\/b\/R29vZ2xl\/AVvXsEj0qJVA8f7uMDSE5AUzrEyLo62xDCI1C6VPgxcITKfRylW9dI9oAHmWcKNCiDLIMsXDDcxHnvmW1K4rW-5gJ2HUSgD_ckvDuL0Us6uKKuoILnnMjoEjdOLlypajtfKWsC7HLmVHmPxUBbphsAl_iJiSUWxWXcpNnxDOFvhCBXWqnJc0YQEKOEcR7k3nqH1I\/w638-h640\/Capturar.JPG\" alt=\"\"\/><\/figure>\n\n\n\n<figure class=\"wp-block-image size-large\"><img decoding=\"async\" src=\"https:\/\/blogger.googleusercontent.com\/img\/b\/R29vZ2xl\/AVvXsEjWC96qCd8cbOG6aTO4p8rRy7bgqDnf3k1ylaXGD66uAa3UDiHLAnUlXZVAVUfY7vcC4AtoGdQhj8D3XzXcWzW_VqlTHEyjsrYsLqTinQTxk67SiAhsjncZmRJ21pQnCIjQoH1uFBtgNwpOZCBTIu1kdX86Aq_6JwEc8OPApQON4DCy1fkCGVGh0DocE3P-\/w640-h636\/Capturarb.JPG\" alt=\"\"\/><\/figure>\n\n\n<div class=\"separator\">Aqui, mais uma raridade que desperta interesse de muitos colecionadores, principalmente dos apaixonados pelo rock brazuca e pela Jovem Guarda. Lan\u00e7ado no final dos anos 60 pela Codil atrav\u00e9s do obscuro selo Avan\u00e7o, temos o conjunto pop, Eduardo e Seus Menestr\u00e9is, grupo que se formou em programa de audit\u00f3rio da televis\u00e3o nos tempos da Jovem Guarda. Tinha como l\u00edder, Eduardo Assad, m\u00fasico de forma\u00e7\u00e3o cl\u00e1ssica que por um per\u00edodo se dedicou a m\u00fasica pop. Era o pianista do Ronnie Von em seu programa e tamb\u00e9m fazia parte do conjunto de &#8216;ie-ie-ie&#8217;, que acabou entrando na onda pop do momento lan\u00e7ado este \u00fanico lp. Assad seguiria sua carreira como m\u00fasico, arranjador e diretor art\u00edstico da R\u00e1dio Am\u00e9rica, de S\u00e3o Paulo. Gravou alguns discos instrumentais e tem\u00e1ticos. Faleceu ainda novo, aos 40 anos. J\u00e1 postamos dele, aqui, outros discos que tamb\u00e9m podem ser conferidos e talvez at\u00e9 baixados no GTM.\u00a0<\/div>\n<div class=\"separator\">\u00a0<\/div>\n<div class=\"separator\">e tudo vai terminar<\/div>\n<div class=\"separator\">aquarela do brasil<\/div>\n<div class=\"separator\">canzone per te<\/div>\n<div class=\"separator\">marcha turca<\/div>\n<div class=\"separator\">marina<\/div>\n<div class=\"separator\">vestidinho<\/div>\n<div class=\"separator\">a chuva que cai<\/div>\n<div class=\"separator\">feiti\u00e7o da vila<\/div>\n<div class=\"separator\">voc\u00ea menina<\/div>\n<div class=\"separator\">tema jovem<\/div>\n<div class=\"separator\">arranje outro namorado<\/div>\n<div class=\"separator\">arranjuez mon amour<\/div>\n<div class=\"separator\">\u00a0<\/div>\n<div class=\"separator\">\u00a0<\/div>\n<div class=\"separator\">.<\/div>","protected":false},"excerpt":{"rendered":"<p>Aqui, mais uma raridade que desperta interesse de muitos colecionadores, principalmente dos apaixonados pelo rock brazuca e pela Jovem Guarda. Lan\u00e7ado no final dos anos 60 pela Codil atrav\u00e9s do obscuro selo Avan\u00e7o, temos o conjunto pop, Eduardo e Seus &hellip; <a href=\"https:\/\/www.toque-musicall.com\/?p=10361\">Continue lendo <span class=\"meta-nav\">&rarr;<\/span><\/a><\/p>\n","protected":false},"author":1,"featured_media":0,"comment_status":"closed","ping_status":"closed","sticky":false,"template":"","format":"standard","meta":{"footnotes":""},"categories":[1],"tags":[3147,5632,5634,5633],"class_list":["post-10361","post","type-post","status-publish","format-standard","hentry","category-sem-categoria","tag-eduardo-assad","tag-eduardo-e-seus-menestreis","tag-selo-avanco","tag-selo-codil"],"_links":{"self":[{"href":"https:\/\/www.toque-musicall.com\/index.php?rest_route=\/wp\/v2\/posts\/10361","targetHints":{"allow":["GET"]}}],"collection":[{"href":"https:\/\/www.toque-musicall.com\/index.php?rest_route=\/wp\/v2\/posts"}],"about":[{"href":"https:\/\/www.toque-musicall.com\/index.php?rest_route=\/wp\/v2\/types\/post"}],"author":[{"embeddable":true,"href":"https:\/\/www.toque-musicall.com\/index.php?rest_route=\/wp\/v2\/users\/1"}],"replies":[{"embeddable":true,"href":"https:\/\/www.toque-musicall.com\/index.php?rest_route=%2Fwp%2Fv2%2Fcomments&post=10361"}],"version-history":[{"count":1,"href":"https:\/\/www.toque-musicall.com\/index.php?rest_route=\/wp\/v2\/posts\/10361\/revisions"}],"predecessor-version":[{"id":10362,"href":"https:\/\/www.toque-musicall.com\/index.php?rest_route=\/wp\/v2\/posts\/10361\/revisions\/10362"}],"wp:attachment":[{"href":"https:\/\/www.toque-musicall.com\/index.php?rest_route=%2Fwp%2Fv2%2Fmedia&parent=10361"}],"wp:term":[{"taxonomy":"category","embeddable":true,"href":"https:\/\/www.toque-musicall.com\/index.php?rest_route=%2Fwp%2Fv2%2Fcategories&post=10361"},{"taxonomy":"post_tag","embeddable":true,"href":"https:\/\/www.toque-musicall.com\/index.php?rest_route=%2Fwp%2Fv2%2Ftags&post=10361"}],"curies":[{"name":"wp","href":"https:\/\/api.w.org\/{rel}","templated":true}]}}