{"id":10365,"date":"2024-04-04T17:10:24","date_gmt":"2024-04-04T20:10:24","guid":{"rendered":"https:\/\/www.toque-musicall.com\/?p=10365"},"modified":"2024-04-22T17:12:27","modified_gmt":"2024-04-22T20:12:27","slug":"bolinha-cidoca-e-suely-quando-a-lua-brilha-no-ceu-do-sertao-1960","status":"publish","type":"post","link":"https:\/\/www.toque-musicall.com\/?p=10365","title":{"rendered":"Bolinha Cidoca E Suely &#8211; Quando A Lua Brilha No C\u00e9u Do Sert\u00e3o (1960)"},"content":{"rendered":"\n<figure class=\"wp-block-image size-large\"><img decoding=\"async\" src=\"https:\/\/blogger.googleusercontent.com\/img\/b\/R29vZ2xl\/AVvXsEgHiSsZYuebtBxCpgBArxGii9m3e2FJcNuOKGTSpHQocyVc9hbYVdAagbJKPssWDw8fMEr7bdsGfiaULAYU2xZ-sSY6Sktwmkao57MK6G_N6gOoeHZYvMehmxN3zjHJ7B17VGNXkbYycjJj-z0DGMs860aVIUxR1kNJmyBAX9QFBnO_JOxRVObM980u5m6f\/w640-h632\/Capturar.JPG\" alt=\"\"\/><\/figure>\n\n\n\n<figure class=\"wp-block-image size-large\"><img decoding=\"async\" src=\"https:\/\/blogger.googleusercontent.com\/img\/b\/R29vZ2xl\/AVvXsEjz5p0cWNfHj4wT-PlzicW2x52ltj4-IruGE0HssPyfsCKUbYZWWEXlVG0KqUXUrb-f5qINVqhjIlbo4dm6TYYAcq_j8dychu-qFU0xFlzew-NE9dgbpD2MuR7ZYJOBYmrKx595xAKKS-igRqX0qfbi5Gw8gPPFs4DNLGsUWXAfEdlx5TJ0n12DzYKhEQrv\/w640-h626\/Capturarb.JPG\" alt=\"\"\/><\/figure>\n\n\n<div class=\"separator\">Ainda n\u00e3o \u00e9 junho e nem \u00e9poca de quadrinha (no bom sentido) e embora a capa, este n\u00e3o \u00e9 exatamente um disco tem\u00e1tico, mas atende bem aos anseios do antigo popular rural\/sertanejo. Aqui temos um trio formado no final dos anos 50 pelo cantor e compositor Euclides Pereira Rangel, mais conhecido como Bolinha, que fez parte do Trio Mineiro, um dos importantes grupos sertanejos daquela \u00e9poca. Gravou dezenas de discos em 78 rpm. Bolinha montou um novo trio com duas vozes femininas, Aparecida Silv\u00e9rio (a Cidoca) e Suely Barreto com as quais passou a se apresentar na R\u00e1dio Tupi. N\u00e3o demorou muito para logo estarem gravando diversas bolachas de 78 pela Odeon. Foi tamb\u00e9m por essa gravadora que lan\u00e7aram em 1960 este lp que agora apresentamos.\u00a0<\/div>\n<div class=\"separator\">\u00a0<\/div>\n<div class=\"separator\">a boneca chorou<\/div>\n<div class=\"separator\">a menina<\/div>\n<div class=\"separator\">reinado de bonecas<\/div>\n<div class=\"separator\">empregando artista<\/div>\n<div class=\"separator\">voc\u00ea mentiu<\/div>\n<div class=\"separator\">meu sert\u00e3o<\/div>\n<div class=\"separator\">conveni\u00eancia<\/div>\n<div class=\"separator\">andarilho<\/div>\n<div class=\"separator\">meu castigo<\/div>\n<div class=\"separator\">crian\u00e7a crescida<\/div>\n<div class=\"separator\">teu bilhete<\/div>\n<div class=\"separator\">40 janeiros<\/div>\n<div class=\"separator\">\u00a0<\/div>\n<div class=\"separator\">\u00a0<\/div>","protected":false},"excerpt":{"rendered":"<p>Ainda n\u00e3o \u00e9 junho e nem \u00e9poca de quadrinha (no bom sentido) e embora a capa, este n\u00e3o \u00e9 exatamente um disco tem\u00e1tico, mas atende bem aos anseios do antigo popular rural\/sertanejo. Aqui temos um trio formado no final dos &hellip; <a href=\"https:\/\/www.toque-musicall.com\/?p=10365\">Continue lendo <span class=\"meta-nav\">&rarr;<\/span><\/a><\/p>\n","protected":false},"author":1,"featured_media":0,"comment_status":"closed","ping_status":"closed","sticky":false,"template":"","format":"standard","meta":{"footnotes":""},"categories":[1],"tags":[5637,3153],"class_list":["post-10365","post","type-post","status-publish","format-standard","hentry","category-sem-categoria","tag-bolinha-cidoca-e-suely","tag-selo-odeon"],"_links":{"self":[{"href":"https:\/\/www.toque-musicall.com\/index.php?rest_route=\/wp\/v2\/posts\/10365","targetHints":{"allow":["GET"]}}],"collection":[{"href":"https:\/\/www.toque-musicall.com\/index.php?rest_route=\/wp\/v2\/posts"}],"about":[{"href":"https:\/\/www.toque-musicall.com\/index.php?rest_route=\/wp\/v2\/types\/post"}],"author":[{"embeddable":true,"href":"https:\/\/www.toque-musicall.com\/index.php?rest_route=\/wp\/v2\/users\/1"}],"replies":[{"embeddable":true,"href":"https:\/\/www.toque-musicall.com\/index.php?rest_route=%2Fwp%2Fv2%2Fcomments&post=10365"}],"version-history":[{"count":1,"href":"https:\/\/www.toque-musicall.com\/index.php?rest_route=\/wp\/v2\/posts\/10365\/revisions"}],"predecessor-version":[{"id":10366,"href":"https:\/\/www.toque-musicall.com\/index.php?rest_route=\/wp\/v2\/posts\/10365\/revisions\/10366"}],"wp:attachment":[{"href":"https:\/\/www.toque-musicall.com\/index.php?rest_route=%2Fwp%2Fv2%2Fmedia&parent=10365"}],"wp:term":[{"taxonomy":"category","embeddable":true,"href":"https:\/\/www.toque-musicall.com\/index.php?rest_route=%2Fwp%2Fv2%2Fcategories&post=10365"},{"taxonomy":"post_tag","embeddable":true,"href":"https:\/\/www.toque-musicall.com\/index.php?rest_route=%2Fwp%2Fv2%2Ftags&post=10365"}],"curies":[{"name":"wp","href":"https:\/\/api.w.org\/{rel}","templated":true}]}}