{"id":10368,"date":"2024-04-05T20:34:06","date_gmt":"2024-04-05T23:34:06","guid":{"rendered":"https:\/\/www.toque-musicall.com\/?p=10368"},"modified":"2024-05-04T20:36:24","modified_gmt":"2024-05-04T23:36:24","slug":"sonia-delfino-alo-broto-no2-1962","status":"publish","type":"post","link":"https:\/\/www.toque-musicall.com\/?p=10368","title":{"rendered":"S\u00f4nia Delfino &#8211; Al\u00f4 Broto N\u00ba2 (1962)"},"content":{"rendered":"\n<figure class=\"wp-block-image size-large\"><img decoding=\"async\" src=\"https:\/\/blogger.googleusercontent.com\/img\/b\/R29vZ2xl\/AVvXsEitZ_XahUaFHH82_s1w2sz_k4gt7PzsmN1yWoBWa9d5Yetx6t5lzsMpJi9FpNKsDi78FrVLaY00IeaDn9nF5YEEmWYq_Ey3KRC1wKPJoRxXIjX1JGbGEjb_WiJN_VXbuE4pUVEDVW_6F_7okAx8yr0BvntdaYWqRSFI-gzdYfwYtsdkMII3p_bw-7ERbsFs\/w630-h640\/capa.jpg\" alt=\"\"\/><\/figure>\n\n\n\n<figure class=\"wp-block-image size-large\"><img decoding=\"async\" src=\"https:\/\/blogger.googleusercontent.com\/img\/b\/R29vZ2xl\/AVvXsEj0xJE26cRJlujtu6F2jlGOKK9Fwolzws587L4ZzVRGvKEdh4IE1TJ3kc2kHLclccqfuUVMtViN7yzRkQPGGHQEGjBPHCE1T8o1YRPMXUXnqEcr1fBwjCalf1WEoFoQMAYxFqHMZy6mQRgFppgmghi3Q6yR2Zcg92pwVxJj155oR0-mcfiVbBbs78xWivG4\/w640-h640\/contracapa.jpg\" alt=\"\"\/><\/figure>\n\n\n<div class=\"separator\">J\u00e1 postamos aqui um disco da Sonia Delfino, cantora talentosa que era uma vers\u00e3o mais madura da Celly Campello. Digo madura, porque Sonia cantava a m\u00fasica jovem, mas tamb\u00e9m n\u00e3o poupava sua voz para outros g\u00eaneros e ainda assim pode ser considera uma das precursoras do rock no Brasil. &#8220;Al\u00f4 Broto&#8221; surgiu no in\u00edcio dos anos 60 e teve muito sucesso, o que fez a gravadora lan\u00e7ar este outro, o n\u00famero 2. Um disco que tamb\u00e9m trazia n\u00e3o somente o estilo americano, mas tamb\u00e9m um pouco da ent\u00e3o moderna bossa nova. Seus discos hoje em dia s\u00e3o dif\u00edceis de encontrar, embora quase tudo pode ser ouvido no Youtube. Aqui ent\u00e3o, no Toque Musical, completo e com direito ao pacote completo, com capa, contracapa e selos. Mas isso \u00e9 para quem est\u00e1 associado ao nosso grupo, o GTM \ud83d\ude42<\/div>\n<div class=\"separator\">\u00a0<\/div>\n<div class=\"separator\">jo\u00e3ozinho e mariazinha<\/div>\n<div class=\"separator\">noiye para amar<\/div>\n<div class=\"separator\">jogado fora<\/div>\n<div class=\"separator\">bambina mia<\/div>\n<div class=\"separator\">a bola<\/div>\n<div class=\"separator\">manequim<\/div>\n<div class=\"separator\">o barquinho<\/div>\n<div class=\"separator\">emo\u00e7\u00e3o<\/div>\n<div class=\"separator\">bossa nova n\u00ba2<\/div>\n<div class=\"separator\">n\u00f3s dois e o luar<\/div>\n<div class=\"separator\">manh\u00e3 de sol<\/div>\n<div class=\"separator\">pouca dura\u00e7\u00e3o<\/div>\n<div class=\"separator\">\u00a0<\/div>\n<div class=\"separator\">\u00a0<\/div>\n<div class=\"separator\">\u00a0<\/div>\n<div class=\"separator\">\u00a0<\/div>","protected":false},"excerpt":{"rendered":"<p>J\u00e1 postamos aqui um disco da Sonia Delfino, cantora talentosa que era uma vers\u00e3o mais madura da Celly Campello. Digo madura, porque Sonia cantava a m\u00fasica jovem, mas tamb\u00e9m n\u00e3o poupava sua voz para outros g\u00eaneros e ainda assim pode &hellip; <a href=\"https:\/\/www.toque-musicall.com\/?p=10368\">Continue lendo <span class=\"meta-nav\">&rarr;<\/span><\/a><\/p>\n","protected":false},"author":1,"featured_media":0,"comment_status":"closed","ping_status":"closed","sticky":false,"template":"","format":"standard","meta":{"footnotes":""},"categories":[1],"tags":[3012,5638],"class_list":["post-10368","post","type-post","status-publish","format-standard","hentry","category-sem-categoria","tag-selo-philips","tag-sonia-delfino"],"_links":{"self":[{"href":"https:\/\/www.toque-musicall.com\/index.php?rest_route=\/wp\/v2\/posts\/10368","targetHints":{"allow":["GET"]}}],"collection":[{"href":"https:\/\/www.toque-musicall.com\/index.php?rest_route=\/wp\/v2\/posts"}],"about":[{"href":"https:\/\/www.toque-musicall.com\/index.php?rest_route=\/wp\/v2\/types\/post"}],"author":[{"embeddable":true,"href":"https:\/\/www.toque-musicall.com\/index.php?rest_route=\/wp\/v2\/users\/1"}],"replies":[{"embeddable":true,"href":"https:\/\/www.toque-musicall.com\/index.php?rest_route=%2Fwp%2Fv2%2Fcomments&post=10368"}],"version-history":[{"count":1,"href":"https:\/\/www.toque-musicall.com\/index.php?rest_route=\/wp\/v2\/posts\/10368\/revisions"}],"predecessor-version":[{"id":10369,"href":"https:\/\/www.toque-musicall.com\/index.php?rest_route=\/wp\/v2\/posts\/10368\/revisions\/10369"}],"wp:attachment":[{"href":"https:\/\/www.toque-musicall.com\/index.php?rest_route=%2Fwp%2Fv2%2Fmedia&parent=10368"}],"wp:term":[{"taxonomy":"category","embeddable":true,"href":"https:\/\/www.toque-musicall.com\/index.php?rest_route=%2Fwp%2Fv2%2Fcategories&post=10368"},{"taxonomy":"post_tag","embeddable":true,"href":"https:\/\/www.toque-musicall.com\/index.php?rest_route=%2Fwp%2Fv2%2Ftags&post=10368"}],"curies":[{"name":"wp","href":"https:\/\/api.w.org\/{rel}","templated":true}]}}