{"id":1037,"date":"2009-11-01T11:57:00","date_gmt":"2009-11-01T11:57:00","guid":{"rendered":"http:\/\/www.toque-musicall.com\/?p=1037"},"modified":"2009-11-01T11:57:00","modified_gmt":"2009-11-01T11:57:00","slug":"cornelius-1978","status":"publish","type":"post","link":"https:\/\/www.toque-musicall.com\/?p=1037","title":{"rendered":"Cornelius (1978)"},"content":{"rendered":"<p><a href=\"http:\/\/4.bp.blogspot.com\/_DSKVEvHtskc\/Su2hecUbLtI\/AAAAAAAAFj8\/WEqv5lneAhE\/s1600-h\/cornelius+P.JPG\"><img decoding=\"async\" style=\"display:block; margin:0px auto 10px; text-align:center;cursor:pointer; cursor:hand;width: 400px; height: 398px;\" src=\"http:\/\/4.bp.blogspot.com\/_DSKVEvHtskc\/Su2hecUbLtI\/AAAAAAAAFj8\/WEqv5lneAhE\/s400\/cornelius+P.JPG\" border=\"0\" alt=\"\" id=\"BLOGGER_PHOTO_ID_5399149072657100498\" \/><\/a>Ol\u00e1! Ontem tivemos aqui o Made in Brazil e s\u00f3 depois foi que eu me lembrei deste compacto simples do vocalista da banda, o Corn\u00e9lius L\u00facifer. Nessa altura do campeonato o cara j\u00e1 estava abrindo as pernas para o sucesso f\u00e1cil. J\u00e1 havia lan\u00e7ado em 1976 o lp &#8220;Santa F\u00e9&#8221; e no auge da discoteca, ele assumiu de vez o seu lado, digamos, &#8216;lantejoulas&#8217; e foi para a pista dan\u00e7ar, para a amargura de seus antigos comparsas do Made. \u00c9, a tal da discoteca veio com for\u00e7a e arrebanhou artistas de v\u00e1rios g\u00eaneros, principalmente do pop e rock. Neste compacto Corn\u00e9lius deixou de lado a voz rasgada e rouca, dando lugar a um passivo cantor pop rom\u00e2ntico. O disquinho traz &#8220;Eu perdi o seu amor&#8221;, que fez um relativo sucesso nas pistas e r\u00e1dio. N\u00e3o sei se este compacto originou um lp. Ali\u00e1s, depois disso nem sei o que foi feito desse artista. Me parece que ele ainda voltou a se apresentar com o Made In Brazil. Ta\u00ed, apenas por curiosidade, pois de rock esse padeceu&#8230;<\/p>\n<div><\/div>\n<div>\n<div style=\"text-align: center;\">eu perdi o seu amor<\/div>\n<div style=\"text-align: center;\">n\u00e3o consigo te esquecer<\/div>\n<div><\/div>\n<div><\/div>\n<\/div>\n","protected":false},"excerpt":{"rendered":"<p>Ol\u00e1! Ontem tivemos aqui o Made in Brazil e s\u00f3 depois foi que eu me lembrei deste compacto simples do vocalista da banda, o Corn\u00e9lius L\u00facifer. Nessa altura do campeonato o cara j\u00e1 estava abrindo as pernas para o sucesso &hellip; <a href=\"https:\/\/www.toque-musicall.com\/?p=1037\">Continue lendo <span class=\"meta-nav\">&rarr;<\/span><\/a><\/p>\n","protected":false},"author":1,"featured_media":0,"comment_status":"open","ping_status":"closed","sticky":false,"template":"","format":"standard","meta":{"footnotes":""},"categories":[1321],"tags":[],"class_list":["post-1037","post","type-post","status-publish","format-standard","hentry","category-cornelius"],"_links":{"self":[{"href":"https:\/\/www.toque-musicall.com\/index.php?rest_route=\/wp\/v2\/posts\/1037","targetHints":{"allow":["GET"]}}],"collection":[{"href":"https:\/\/www.toque-musicall.com\/index.php?rest_route=\/wp\/v2\/posts"}],"about":[{"href":"https:\/\/www.toque-musicall.com\/index.php?rest_route=\/wp\/v2\/types\/post"}],"author":[{"embeddable":true,"href":"https:\/\/www.toque-musicall.com\/index.php?rest_route=\/wp\/v2\/users\/1"}],"replies":[{"embeddable":true,"href":"https:\/\/www.toque-musicall.com\/index.php?rest_route=%2Fwp%2Fv2%2Fcomments&post=1037"}],"version-history":[{"count":0,"href":"https:\/\/www.toque-musicall.com\/index.php?rest_route=\/wp\/v2\/posts\/1037\/revisions"}],"wp:attachment":[{"href":"https:\/\/www.toque-musicall.com\/index.php?rest_route=%2Fwp%2Fv2%2Fmedia&parent=1037"}],"wp:term":[{"taxonomy":"category","embeddable":true,"href":"https:\/\/www.toque-musicall.com\/index.php?rest_route=%2Fwp%2Fv2%2Fcategories&post=1037"},{"taxonomy":"post_tag","embeddable":true,"href":"https:\/\/www.toque-musicall.com\/index.php?rest_route=%2Fwp%2Fv2%2Ftags&post=1037"}],"curies":[{"name":"wp","href":"https:\/\/api.w.org\/{rel}","templated":true}]}}