{"id":10370,"date":"2024-04-06T20:39:32","date_gmt":"2024-04-06T23:39:32","guid":{"rendered":"https:\/\/www.toque-musicall.com\/?p=10370"},"modified":"2024-05-05T23:02:25","modified_gmt":"2024-05-06T02:02:25","slug":"conjunto-dos-anjos-dancando-com-os-anjos-1962","status":"publish","type":"post","link":"https:\/\/www.toque-musicall.com\/?p=10370","title":{"rendered":"Conjunto Dos Anjos &#8211; Dan\u00e7ando Com Os Anjos (1962)"},"content":{"rendered":"\n<figure class=\"wp-block-image size-large\"><img decoding=\"async\" src=\"https:\/\/blogger.googleusercontent.com\/img\/b\/R29vZ2xl\/AVvXsEjJidZg-4Z32yFPwMcz1vy3LBcDpI52xAOa13gC0Q2Sn3O72gNjLEIeq_OzUa5j9ijwOlQYlm8F2l0xfAvsnEE65xpsriLB8A3ye7sGJLtu8qg5JnF3LRzXlG8c6glSwDStcpb-TZ2kWf2wJ-U1CD3wpsFA5hm1Xgh6R2Lu4JVoE14Q8z-c_DIhN-r0dZh2\/w640-h632\/Capturar.JPG\" alt=\"\"\/><\/figure>\n\n\n\n<figure class=\"wp-block-image size-large\"><img decoding=\"async\" src=\"https:\/\/blogger.googleusercontent.com\/img\/b\/R29vZ2xl\/AVvXsEgzK3GTopJ_9PaQ3h3nhqodIBVtQ7nZhljdHzDNYAQHMlWMNDckwI0esLWHdaPUAqEeHpNF_vh1qp2tNUTPTGHq-nS_t7mGKGAl0H-yvL6C4Qh3fdYpnguz77FnBsontdo2k7p6pSQ1frXympH8V4LXrr-EaxplxOXnym5NpX1frbGRaG5UiE_aQ9hxktrn\/w636-h640\/Capturarb.JPG\" alt=\"\"\/><\/figure>\n\n\n<div class=\"separator\">Aqui uma outra raridade vinda tamb\u00e9m do in\u00edcio dos anos 60, Conjunto ds Anjos, conjunto instrumental, aparentemente vindo do Paran\u00e1. Das poucas informa\u00e7\u00f5es que encontramos, foi que este grupo musical atuava nas cidades de Sorriso e Maring\u00e1, ainda nos anos 50, por certo animando bailes e festas. Consta que tinham uma legi\u00e3o de f\u00e3s e talvez por conta dessa fama acabaram conseguindo proje\u00e7\u00e3o, vindo a gravar este lp. O conjunto se chamava antes, Anjos da Lua e acabaram adotando o nome de Conjunto dos Anjos. Creio que na \u00e9poca j\u00e1 havia outro grupo com o nome de Os Anjos. Segundo consta, tamb\u00e9m acompanharam cantores, com\u00a0 Nelson Gon\u00e7alves, em shows nessas cidades paranaenses.<\/div>\n<div class=\"separator\">&#8220;Dan\u00e7ando com Os Anjos&#8221; \u00e9 um disco com um repert\u00f3rio misto, contemplando um variado leque de m\u00fasicas que faziam sucesso naquela \u00e9poca, ou seja de bolero, samba, bossa nova e rock. Um bom disco para se ouvir, m\u00fasicos competentes., com certeza. N\u00e3o se sabe ao certo a data de lan\u00e7amento deste lp, mas tudo leva crer que seja de 1962, ou 63.<\/div>\n<div class=\"separator\">\u00a0<\/div>\n<div class=\"separator\">mambo rock<\/div>\n<div class=\"separator\">cansei de rock<\/div>\n<div class=\"separator\">o barquinho<\/div>\n<div class=\"separator\">fiz o bob\u00e3o<\/div>\n<div class=\"separator\">discuss\u00e3o<\/div>\n<div class=\"separator\">balada de bat masterson<\/div>\n<div class=\"separator\">over the rainbow<\/div>\n<div class=\"separator\">ansiedad<\/div>\n<div class=\"separator\">noche de ronda<\/div>\n<div class=\"separator\">moonlight fiesta<\/div>\n<div class=\"separator\">obcess\u00e3o<\/div>\n<div class=\"separator\">sole mio<\/div>\n<div class=\"separator\">.<\/div>\n<div class=\"separator\">\u00a0<\/div>","protected":false},"excerpt":{"rendered":"<p>Aqui uma outra raridade vinda tamb\u00e9m do in\u00edcio dos anos 60, Conjunto ds Anjos, conjunto instrumental, aparentemente vindo do Paran\u00e1. Das poucas informa\u00e7\u00f5es que encontramos, foi que este grupo musical atuava nas cidades de Sorriso e Maring\u00e1, ainda nos anos &hellip; <a href=\"https:\/\/www.toque-musicall.com\/?p=10370\">Continue lendo <span class=\"meta-nav\">&rarr;<\/span><\/a><\/p>\n","protected":false},"author":1,"featured_media":0,"comment_status":"closed","ping_status":"closed","sticky":false,"template":"","format":"standard","meta":{"footnotes":""},"categories":[1],"tags":[5639,3723],"class_list":["post-10370","post","type-post","status-publish","format-standard","hentry","category-sem-categoria","tag-conjunto-dos-anjos","tag-selo-musicolor"],"_links":{"self":[{"href":"https:\/\/www.toque-musicall.com\/index.php?rest_route=\/wp\/v2\/posts\/10370","targetHints":{"allow":["GET"]}}],"collection":[{"href":"https:\/\/www.toque-musicall.com\/index.php?rest_route=\/wp\/v2\/posts"}],"about":[{"href":"https:\/\/www.toque-musicall.com\/index.php?rest_route=\/wp\/v2\/types\/post"}],"author":[{"embeddable":true,"href":"https:\/\/www.toque-musicall.com\/index.php?rest_route=\/wp\/v2\/users\/1"}],"replies":[{"embeddable":true,"href":"https:\/\/www.toque-musicall.com\/index.php?rest_route=%2Fwp%2Fv2%2Fcomments&post=10370"}],"version-history":[{"count":1,"href":"https:\/\/www.toque-musicall.com\/index.php?rest_route=\/wp\/v2\/posts\/10370\/revisions"}],"predecessor-version":[{"id":10371,"href":"https:\/\/www.toque-musicall.com\/index.php?rest_route=\/wp\/v2\/posts\/10370\/revisions\/10371"}],"wp:attachment":[{"href":"https:\/\/www.toque-musicall.com\/index.php?rest_route=%2Fwp%2Fv2%2Fmedia&parent=10370"}],"wp:term":[{"taxonomy":"category","embeddable":true,"href":"https:\/\/www.toque-musicall.com\/index.php?rest_route=%2Fwp%2Fv2%2Fcategories&post=10370"},{"taxonomy":"post_tag","embeddable":true,"href":"https:\/\/www.toque-musicall.com\/index.php?rest_route=%2Fwp%2Fv2%2Ftags&post=10370"}],"curies":[{"name":"wp","href":"https:\/\/api.w.org\/{rel}","templated":true}]}}