{"id":10374,"date":"2024-04-08T22:58:14","date_gmt":"2024-04-09T01:58:14","guid":{"rendered":"https:\/\/www.toque-musicall.com\/?p=10374"},"modified":"2024-05-05T23:03:15","modified_gmt":"2024-05-06T02:03:15","slug":"os-versateis-showpp-vol-2-1968","status":"publish","type":"post","link":"https:\/\/www.toque-musicall.com\/?p=10374","title":{"rendered":"Os Vers\u00e1teis &#8211; Showpp Vol. 2 (1968)"},"content":{"rendered":"\n<figure class=\"wp-block-image size-large\"><img decoding=\"async\" src=\"https:\/\/blogger.googleusercontent.com\/img\/b\/R29vZ2xl\/AVvXsEg4s0HJr4r99W08xQlzzy0DJAWO_S-Sodc2hTyLHqQHW7CxL8iSm_yOYAEUJbS_z-J9bAv6NCOe3R7AkkDbvO08Ra1uB9luiTLGcxVxZDcV67cXrAkit05T4KCi7kszzQt0CiYVIHS85vZjfjKhgEDxDf8KX2Ljl_uanhbZ98_vg6qgYk_4TrEoxIGATRgA\/w640-h640\/Capturar.JPG\" alt=\"\"\/><\/figure>\n\n\n\n<figure class=\"wp-block-image size-large\"><img decoding=\"async\" src=\"https:\/\/blogger.googleusercontent.com\/img\/b\/R29vZ2xl\/AVvXsEhi1KW7vgmfrk4ZpoPoOmAVhocIRCZNtCXHYDBli5H-fW98D8-qtBaCJ7rDaXQ1-Z99GVuPvCNzZvpOUGuaVhTIGK7uXabx-0E5mqYDs0HaYSjFbD6rfpLoBImJmSP9wmeZz_AmVHHxi_dP3zeLHO__VZ4C2q9ygGTcj4gz94WV7x75mIWEg3pSQltcS24N\/w640-h638\/Capturarb.JPG\" alt=\"\"\/><\/figure>\n\n\n<div>H\u00e1 tempos atr\u00e1s chegamos a postar aqui um disco dos Vers\u00e1teis e tamb\u00e9m uma colet\u00e2nea exclusiva. Naqueles momento ainda n\u00e3o havia informa\u00e7\u00f5es dispon\u00edveis sobre o grupo na Internet, mas o tempo e as informa\u00e7\u00f5es se cruzam e chegam r\u00e1pido. Os Vers\u00e1teis era um grupo paulista, vindo de Guarulhos, formado na segunda metade dos anos 60. Era um grupo instrumental que passeava por diferentes g\u00eaneros da m\u00fasica pop daquela \u00e9poca. Animavam bailes e tamb\u00e9m tocavam na noite. Se destacaram numa das famosas boates de S\u00e3o Paulo, o Urso Branco, do empres\u00e1rio Abelardo Figueiredo. Gravaram uns quatro discos. Tamb\u00e9m tocaram ao lado de Tom Z\u00e9 como banda de apoio em seu primeiro disco, &#8220;Grande Liquida\u00e7\u00e3o&#8221;. O grupo por\u00e9m teve problemas com a Censura e durante o per\u00edodo da ditadura, foram boicotados, chegaram, inclusive a serem presos. Por conta da press\u00e3o, Os Vers\u00e1teis chegaram ao fim um ano depois de lan\u00e7arem este disco.<\/div>\n<div>\u00a0<\/div>\n<div>eu te darei o c\u00e9u<\/div>\n<div>yesterday<\/div>\n<div>mr. yunioshi<\/div>\n<div>tema para jovens enamorados<\/div>\n<div>ser\u00e1 voc\u00ea<\/div>\n<div>and i love her<\/div>\n<div>no ripley<\/div>\n<div>rejeitada<\/div>\n<div>till there was you<\/div>\n<div>the village inn<\/div>\n<div>just for tonight<\/div>\n<div>plus je tentends<\/div>\n<div>ti ringrazio perche<\/div>\n<div>il mio mondo<\/div>\n<div>o morro n\u00e3o tem vez<\/div>\n<div>tristeza<\/div>\n<div>\u00a0<\/div>\n<div>\u00a0<\/div>","protected":false},"excerpt":{"rendered":"<p>H\u00e1 tempos atr\u00e1s chegamos a postar aqui um disco dos Vers\u00e1teis e tamb\u00e9m uma colet\u00e2nea exclusiva. Naqueles momento ainda n\u00e3o havia informa\u00e7\u00f5es dispon\u00edveis sobre o grupo na Internet, mas o tempo e as informa\u00e7\u00f5es se cruzam e chegam r\u00e1pido. Os &hellip; <a href=\"https:\/\/www.toque-musicall.com\/?p=10374\">Continue lendo <span class=\"meta-nav\">&rarr;<\/span><\/a><\/p>\n","protected":false},"author":1,"featured_media":0,"comment_status":"closed","ping_status":"closed","sticky":false,"template":"","format":"standard","meta":{"footnotes":""},"categories":[1],"tags":[5643,5605],"class_list":["post-10374","post","type-post","status-publish","format-standard","hentry","category-sem-categoria","tag-os-versateis-2","tag-selo-au-artistas-unidos"],"_links":{"self":[{"href":"https:\/\/www.toque-musicall.com\/index.php?rest_route=\/wp\/v2\/posts\/10374","targetHints":{"allow":["GET"]}}],"collection":[{"href":"https:\/\/www.toque-musicall.com\/index.php?rest_route=\/wp\/v2\/posts"}],"about":[{"href":"https:\/\/www.toque-musicall.com\/index.php?rest_route=\/wp\/v2\/types\/post"}],"author":[{"embeddable":true,"href":"https:\/\/www.toque-musicall.com\/index.php?rest_route=\/wp\/v2\/users\/1"}],"replies":[{"embeddable":true,"href":"https:\/\/www.toque-musicall.com\/index.php?rest_route=%2Fwp%2Fv2%2Fcomments&post=10374"}],"version-history":[{"count":1,"href":"https:\/\/www.toque-musicall.com\/index.php?rest_route=\/wp\/v2\/posts\/10374\/revisions"}],"predecessor-version":[{"id":10375,"href":"https:\/\/www.toque-musicall.com\/index.php?rest_route=\/wp\/v2\/posts\/10374\/revisions\/10375"}],"wp:attachment":[{"href":"https:\/\/www.toque-musicall.com\/index.php?rest_route=%2Fwp%2Fv2%2Fmedia&parent=10374"}],"wp:term":[{"taxonomy":"category","embeddable":true,"href":"https:\/\/www.toque-musicall.com\/index.php?rest_route=%2Fwp%2Fv2%2Fcategories&post=10374"},{"taxonomy":"post_tag","embeddable":true,"href":"https:\/\/www.toque-musicall.com\/index.php?rest_route=%2Fwp%2Fv2%2Ftags&post=10374"}],"curies":[{"name":"wp","href":"https:\/\/api.w.org\/{rel}","templated":true}]}}