{"id":10392,"date":"2024-04-16T18:18:18","date_gmt":"2024-04-16T21:18:18","guid":{"rendered":"https:\/\/www.toque-musicall.com\/?p=10392"},"modified":"2024-05-14T18:20:37","modified_gmt":"2024-05-14T21:20:37","slug":"ronaldo-lark-o-piston-quente-de-ronaldo-lark-1969","status":"publish","type":"post","link":"https:\/\/www.toque-musicall.com\/?p=10392","title":{"rendered":"Ronaldo Lark &#8211; O Piston Quente De Ronaldo Lark (1969)"},"content":{"rendered":"\n<figure class=\"wp-block-image size-large\"><img decoding=\"async\" src=\"https:\/\/blogger.googleusercontent.com\/img\/b\/R29vZ2xl\/AVvXsEi2akCbzxhucAYyr4nA4k5_zer1oL0ihn36JA5i3Y9AcpyT5vVj6CiTIB2VSk6fQef-9r8PENajRKG092biT_7p5TOYJC6dr87F_MIsY7D6F8_tWmh3CyC5YisRxGf-_apNuZjKmhiNC5Kn00MOxL1ibHD3GdVCLAu2Q4OIVQQSqkfU-e0pyFUXMGZ2Yh4T\/w640-h632\/Capturar.JPG\" alt=\"\"\/><\/figure>\n\n\n\n<figure class=\"wp-block-image size-large\"><img decoding=\"async\" src=\"https:\/\/blogger.googleusercontent.com\/img\/b\/R29vZ2xl\/AVvXsEj7V007HzVgktJnL_RhKUgcnuzkX76x_2ndHIUHNl8CUCg0pQCH2lcyx9vvGcIxCsiMm7IxSS9mHPY-bbfRC-56PJEjVxJzIncafD59JdBT3OI97UaxFVk5pE0Vpr7oF6mW80UpG0Obf1NGPn9di-N5Gv-k9cNKtBcyolL0vBMZWV1Om5F9v3cEpd-hav1f\/w634-h640\/Capturarb.JPG\" alt=\"\"\/><\/figure>\n\n\n<div class=\"separator\">Como uma coisa leva a outra, seguimos agora trazendo Ronaldo Lark, m\u00fasico instrumentista, pistonista integrante do conjunto Os Vers\u00e1teis. Ap\u00f3s o final do grupo, Ronaldo Lark partiu para uma carreira solo, se destacando como um grandes instrumentistas de sua \u00e9poca. Gravou alguns discos solo e tamb\u00e9m acompanhou diversos outros artistas da m\u00fasica popular.\u00a0 Aqui temos seu primeiro lp lan\u00e7ado pela Odeon, em 1969.\u00a0<\/div>\n<div class=\"separator\">\u00a0<\/div>\n<div class=\"separator\">barbarella<\/div>\n<div class=\"separator\">hang&#8217;em high<\/div>\n<div class=\"separator\">soulful strut<\/div>\n<div class=\"separator\">alegria de voc\u00ea voltar<\/div>\n<div class=\"separator\">nosso recanto<\/div>\n<div class=\"separator\">ce grand bateau<\/div>\n<div class=\"separator\">baby baby<\/div>\n<div class=\"separator\">grazing in the\u00a0 grass<\/div>\n<div class=\"separator\">scarbourgh fair<\/div>\n<div class=\"separator\">moment to moment<\/div>\n<div class=\"separator\">bug eyes<\/div>\n<div class=\"separator\">tema de minha solid\u00e3o<\/div>\n<div class=\"separator\">\u00a0<\/div>\n<div class=\"separator\">.<\/div>\n<p><br \/>\u00a0<\/p>","protected":false},"excerpt":{"rendered":"<p>Como uma coisa leva a outra, seguimos agora trazendo Ronaldo Lark, m\u00fasico instrumentista, pistonista integrante do conjunto Os Vers\u00e1teis. Ap\u00f3s o final do grupo, Ronaldo Lark partiu para uma carreira solo, se destacando como um grandes instrumentistas de sua \u00e9poca. &hellip; <a href=\"https:\/\/www.toque-musicall.com\/?p=10392\">Continue lendo <span class=\"meta-nav\">&rarr;<\/span><\/a><\/p>\n","protected":false},"author":1,"featured_media":0,"comment_status":"closed","ping_status":"closed","sticky":false,"template":"","format":"standard","meta":{"footnotes":""},"categories":[1],"tags":[5656,3153],"class_list":["post-10392","post","type-post","status-publish","format-standard","hentry","category-sem-categoria","tag-ronaldo-lark","tag-selo-odeon"],"_links":{"self":[{"href":"https:\/\/www.toque-musicall.com\/index.php?rest_route=\/wp\/v2\/posts\/10392","targetHints":{"allow":["GET"]}}],"collection":[{"href":"https:\/\/www.toque-musicall.com\/index.php?rest_route=\/wp\/v2\/posts"}],"about":[{"href":"https:\/\/www.toque-musicall.com\/index.php?rest_route=\/wp\/v2\/types\/post"}],"author":[{"embeddable":true,"href":"https:\/\/www.toque-musicall.com\/index.php?rest_route=\/wp\/v2\/users\/1"}],"replies":[{"embeddable":true,"href":"https:\/\/www.toque-musicall.com\/index.php?rest_route=%2Fwp%2Fv2%2Fcomments&post=10392"}],"version-history":[{"count":2,"href":"https:\/\/www.toque-musicall.com\/index.php?rest_route=\/wp\/v2\/posts\/10392\/revisions"}],"predecessor-version":[{"id":10394,"href":"https:\/\/www.toque-musicall.com\/index.php?rest_route=\/wp\/v2\/posts\/10392\/revisions\/10394"}],"wp:attachment":[{"href":"https:\/\/www.toque-musicall.com\/index.php?rest_route=%2Fwp%2Fv2%2Fmedia&parent=10392"}],"wp:term":[{"taxonomy":"category","embeddable":true,"href":"https:\/\/www.toque-musicall.com\/index.php?rest_route=%2Fwp%2Fv2%2Fcategories&post=10392"},{"taxonomy":"post_tag","embeddable":true,"href":"https:\/\/www.toque-musicall.com\/index.php?rest_route=%2Fwp%2Fv2%2Ftags&post=10392"}],"curies":[{"name":"wp","href":"https:\/\/api.w.org\/{rel}","templated":true}]}}