{"id":10395,"date":"2024-04-17T18:21:11","date_gmt":"2024-04-17T21:21:11","guid":{"rendered":"https:\/\/www.toque-musicall.com\/?p=10395"},"modified":"2024-05-14T18:22:33","modified_gmt":"2024-05-14T21:22:33","slug":"os-incriveis-1981","status":"publish","type":"post","link":"https:\/\/www.toque-musicall.com\/?p=10395","title":{"rendered":"Os Incr\u00edveis (1981)"},"content":{"rendered":"\n<figure class=\"wp-block-image size-large\"><img decoding=\"async\" src=\"https:\/\/blogger.googleusercontent.com\/img\/b\/R29vZ2xl\/AVvXsEi8YYxmtxzrS_oft0wz2jA3t8T5zqPybfTaAgJfYx2jr3NfayenSii28NUbt46F4CzI0UTeq9oSuBohYLfJLVwORcvh4KACaUxyjY_pT3hUoKb7Xv29OzWyOx7jYsXRSJLkdXCs_Qa2eDgtk1pXx3RkvVNQC7chIdWkHE7_15oWA7C1Burly5_5jx8UWL6I\/w640-h638\/Capturar.JPG\" alt=\"\"\/><\/figure>\n\n\n\n<figure class=\"wp-block-image size-large\"><img decoding=\"async\" src=\"https:\/\/blogger.googleusercontent.com\/img\/b\/R29vZ2xl\/AVvXsEhNHivrkrTqyBYxU8keHBmsRki6Hn4UjsKlmpQb-yUfP5-S5bIeSwMVozaGJWRyx68RIBXAs5P4HXC8vXefEt3XCGDBjhM8XgmnZV2cKIxwNymecnPj9PbiQGOqs-Rl3mrUhF0EikuIh6soQYHQw4geo4c2k2rEkBUJNptBxmreV-4fa8xak8ke7bVbthvT\/w640-h640\/Capturarb.JPG\" alt=\"\"\/><\/figure>\n\n\n<div class=\"separator\">Temos desta vez Os Incr\u00edveis, banda das mais famosas e pioneiras na cena rock brasileira. J\u00e1 postamos outros discos deles aqui no Toque Musical e agora vamos com este, um lan\u00e7amento RCA registrando um dos retornos do grupo no in\u00edcio da d\u00e9cada de 80. Um trabalho pouco expressivo. Parece mais esses discos para cumprir contrato. Mas t\u00e1 valendo&#8230;<\/div>\n<div class=\"separator\">\u00a0<\/div>\n<div class=\"separator\">voa passarinho voa<\/div>\n<div class=\"separator\">seu sol<\/div>\n<div class=\"separator\">terror dos namorados<\/div>\n<div class=\"separator\">fado e vinho<\/div>\n<div class=\"separator\">brasil acima de tudo<\/div>\n<div class=\"separator\">pai de deus<\/div>\n<div class=\"separator\">declaro paz<\/div>\n<div class=\"separator\">quando amanhecer<\/div>\n<div class=\"separator\">pressa<\/div>\n<div class=\"separator\">\u00a0<\/div>\n<div class=\"separator\">\u00a0<\/div>\n<div class=\"separator\">.<\/div>","protected":false},"excerpt":{"rendered":"<p>Temos desta vez Os Incr\u00edveis, banda das mais famosas e pioneiras na cena rock brasileira. J\u00e1 postamos outros discos deles aqui no Toque Musical e agora vamos com este, um lan\u00e7amento RCA registrando um dos retornos do grupo no in\u00edcio &hellip; <a href=\"https:\/\/www.toque-musicall.com\/?p=10395\">Continue lendo <span class=\"meta-nav\">&rarr;<\/span><\/a><\/p>\n","protected":false},"author":1,"featured_media":0,"comment_status":"closed","ping_status":"closed","sticky":false,"template":"","format":"standard","meta":{"footnotes":""},"categories":[1],"tags":[4378,3040],"class_list":["post-10395","post","type-post","status-publish","format-standard","hentry","category-sem-categoria","tag-os-incriveis","tag-selo-rca"],"_links":{"self":[{"href":"https:\/\/www.toque-musicall.com\/index.php?rest_route=\/wp\/v2\/posts\/10395","targetHints":{"allow":["GET"]}}],"collection":[{"href":"https:\/\/www.toque-musicall.com\/index.php?rest_route=\/wp\/v2\/posts"}],"about":[{"href":"https:\/\/www.toque-musicall.com\/index.php?rest_route=\/wp\/v2\/types\/post"}],"author":[{"embeddable":true,"href":"https:\/\/www.toque-musicall.com\/index.php?rest_route=\/wp\/v2\/users\/1"}],"replies":[{"embeddable":true,"href":"https:\/\/www.toque-musicall.com\/index.php?rest_route=%2Fwp%2Fv2%2Fcomments&post=10395"}],"version-history":[{"count":1,"href":"https:\/\/www.toque-musicall.com\/index.php?rest_route=\/wp\/v2\/posts\/10395\/revisions"}],"predecessor-version":[{"id":10396,"href":"https:\/\/www.toque-musicall.com\/index.php?rest_route=\/wp\/v2\/posts\/10395\/revisions\/10396"}],"wp:attachment":[{"href":"https:\/\/www.toque-musicall.com\/index.php?rest_route=%2Fwp%2Fv2%2Fmedia&parent=10395"}],"wp:term":[{"taxonomy":"category","embeddable":true,"href":"https:\/\/www.toque-musicall.com\/index.php?rest_route=%2Fwp%2Fv2%2Fcategories&post=10395"},{"taxonomy":"post_tag","embeddable":true,"href":"https:\/\/www.toque-musicall.com\/index.php?rest_route=%2Fwp%2Fv2%2Ftags&post=10395"}],"curies":[{"name":"wp","href":"https:\/\/api.w.org\/{rel}","templated":true}]}}