{"id":104,"date":"2012-03-29T10:19:00","date_gmt":"2012-03-29T10:19:00","guid":{"rendered":"http:\/\/www.toque-musicall.com\/?p=104"},"modified":"2012-03-29T10:19:00","modified_gmt":"2012-03-29T10:19:00","slug":"ademilde-fonseca-a-rainha-do-chorinho-1977","status":"publish","type":"post","link":"https:\/\/www.toque-musicall.com\/?p=104","title":{"rendered":"Ademilde Fonseca &#8211; A Rainha Do Chorinho (1977)"},"content":{"rendered":"<p><a href=\"http:\/\/3.bp.blogspot.com\/-CCYyq4drRLY\/T3Q3rw31wAI\/AAAAAAAABWs\/f4wYaxsNjZ8\/s1600\/Ademilde+Fp.JPG\"><img decoding=\"async\" alt=\"\" border=\"0\" id=\"BLOGGER_PHOTO_ID_5725262251287756802\" src=\"http:\/\/3.bp.blogspot.com\/-CCYyq4drRLY\/T3Q3rw31wAI\/AAAAAAAABWs\/f4wYaxsNjZ8\/s400\/Ademilde+Fp.JPG\" style=\"cursor: hand; display: block; height: 400px; margin: 0px auto 10px; text-align: center; width: 400px;\" \/><\/a><a href=\"http:\/\/3.bp.blogspot.com\/-VMf4VCrNTc8\/T3Q3mWvfSrI\/AAAAAAAABWg\/seMOP9nDlXU\/s1600\/ademilde+BP.JPG\"><img decoding=\"async\" alt=\"\" border=\"0\" id=\"BLOGGER_PHOTO_ID_5725262158374062770\" src=\"http:\/\/3.bp.blogspot.com\/-VMf4VCrNTc8\/T3Q3mWvfSrI\/AAAAAAAABWg\/seMOP9nDlXU\/s400\/ademilde+BP.JPG\" style=\"cursor: hand; display: block; height: 397px; margin: 0px auto 10px; text-align: center; width: 400px;\" \/><\/a>Bom dia, amigos cultos, ocultos e associados! Ontem fomos pegos de surpresa com as tristes not\u00edcias de falecimentos. Primeiro o Millor Fernandes, figura genial que vai deixar saudades. N\u00e3o menos que esse, outra grande perda foi na m\u00fasica. L\u00e1 se foi tamb\u00e9m &#8220;a rainha do chorinho&#8221;, Ademilde Fonseca. Embora a nossa semana esteja voltada para o samba, n\u00e3o pude deixar de prestar aqui a minha homenagem \u00e0 essa excelente cantora. Ali\u00e1s, o choro n\u00e3o deixa de ser um irm\u00e3o do samba. Vou poupar palavras porque o meu tempo \u00e9 curto. Al\u00e9m do mais, no pr\u00f3ximo n\u00famero da nossa s\u00e9rie exclusiva, &#8220;Grand Record Brazil&#8221;, teremos um momento totalmente dedicado \u00e0 Ademilde (Samuel, v\u00e1 se preparando!). <\/p>\n<div>Por hora, fica aqui essa homenagem. Estou postando para voc\u00eas este \u00e1lbum super bancana, onde a nossa cantora vem bem \u00e0 vontade, ao lado de outros grandes artistas e chor\u00f5es. Este lp \u00e9 verdadeiramente \u00f3timo, com um repert\u00f3rio digno de um time musical de primeir\u00edssima qualidade. S\u00f3 tem cl\u00e1ssicos! Confiram o toque&#8230;<\/div>\n<p><\/p>\n<div style=\"text-align: center;\">choro chor\u00e3o<\/div>\n<div style=\"text-align: center;\">brasileirinho<\/div>\n<div style=\"text-align: center;\">cora\u00e7\u00e3o trapaceiro<\/div>\n<div style=\"text-align: center;\">doce melodia<\/div>\n<div style=\"text-align: center;\">amor sem preconceito<\/div>\n<div style=\"text-align: center;\">choro do adeus<\/div>\n<div style=\"text-align: center;\">t\u00edtulos de nobreza<\/div>\n<div style=\"text-align: center;\">o que vier eu tra\u00e7o<\/div>\n<div style=\"text-align: center;\">meu sonho<\/div>\n<div style=\"text-align: center;\">pedacinho do c\u00e9u<\/div>\n<div style=\"text-align: center;\">tico tico no fub\u00e1<\/div>\n<div style=\"text-align: center;\">dinorah<\/div>\n<div style=\"text-align: center;\">lamento<\/div>\n<p><\/p>\n<div style=\"text-align: center;\"><\/div>\n<p><\/p>\n<div style=\"text-align: center;\"><\/div>\n","protected":false},"excerpt":{"rendered":"<p>Bom dia, amigos cultos, ocultos e associados! Ontem fomos pegos de surpresa com as tristes not\u00edcias de falecimentos. Primeiro o Millor Fernandes, figura genial que vai deixar saudades. N\u00e3o menos que esse, outra grande perda foi na m\u00fasica. L\u00e1 se &hellip; <a href=\"https:\/\/www.toque-musicall.com\/?p=104\">Continue lendo <span class=\"meta-nav\">&rarr;<\/span><\/a><\/p>\n","protected":false},"author":1,"featured_media":0,"comment_status":"open","ping_status":"closed","sticky":false,"template":"","format":"standard","meta":{"footnotes":""},"categories":[124,193],"tags":[],"class_list":["post-104","post","type-post","status-publish","format-standard","hentry","category-ademilde-fonseca","category-selo-top-tape"],"_links":{"self":[{"href":"https:\/\/www.toque-musicall.com\/index.php?rest_route=\/wp\/v2\/posts\/104","targetHints":{"allow":["GET"]}}],"collection":[{"href":"https:\/\/www.toque-musicall.com\/index.php?rest_route=\/wp\/v2\/posts"}],"about":[{"href":"https:\/\/www.toque-musicall.com\/index.php?rest_route=\/wp\/v2\/types\/post"}],"author":[{"embeddable":true,"href":"https:\/\/www.toque-musicall.com\/index.php?rest_route=\/wp\/v2\/users\/1"}],"replies":[{"embeddable":true,"href":"https:\/\/www.toque-musicall.com\/index.php?rest_route=%2Fwp%2Fv2%2Fcomments&post=104"}],"version-history":[{"count":0,"href":"https:\/\/www.toque-musicall.com\/index.php?rest_route=\/wp\/v2\/posts\/104\/revisions"}],"wp:attachment":[{"href":"https:\/\/www.toque-musicall.com\/index.php?rest_route=%2Fwp%2Fv2%2Fmedia&parent=104"}],"wp:term":[{"taxonomy":"category","embeddable":true,"href":"https:\/\/www.toque-musicall.com\/index.php?rest_route=%2Fwp%2Fv2%2Fcategories&post=104"},{"taxonomy":"post_tag","embeddable":true,"href":"https:\/\/www.toque-musicall.com\/index.php?rest_route=%2Fwp%2Fv2%2Ftags&post=104"}],"curies":[{"name":"wp","href":"https:\/\/api.w.org\/{rel}","templated":true}]}}