{"id":10409,"date":"2024-04-22T18:17:24","date_gmt":"2024-04-22T21:17:24","guid":{"rendered":"https:\/\/www.toque-musicall.com\/?p=10409"},"modified":"2024-05-26T18:25:54","modified_gmt":"2024-05-26T21:25:54","slug":"tita-lobo-l-incomparable-tita-1969","status":"publish","type":"post","link":"https:\/\/www.toque-musicall.com\/?p=10409","title":{"rendered":"Tita Lobo &#8211; L&#8217; Incomparable Tita (1969)\u00a0"},"content":{"rendered":"\n<figure class=\"wp-block-image size-large\"><img decoding=\"async\" src=\"https:\/\/blogger.googleusercontent.com\/img\/b\/R29vZ2xl\/AVvXsEh26LDusJ5VfohmXakisZ_h06N3Fsltib7TFj9Buuep6hvL1rX46aHfWaopYl0mXQ88KUn0nq_UZzNSPD-ynNdL7o0Ft3h-437CUC-bniYe9Fvjcu7LNxUMkIputvNxI-7IC5Y5XLOQeYC_a1yGonNxSIBmqUGaiLdzRSwv8F8B2ZRi3tYT2jK5s2vyyNww\/w640-h636\/R-2370995-1576602736-7587.jpg\" alt=\"\"\/><\/figure>\n\n\n\n<figure class=\"wp-block-image size-large\"><img decoding=\"async\" src=\"https:\/\/blogger.googleusercontent.com\/img\/b\/R29vZ2xl\/AVvXsEhpnZ4iWxDlSVHUK-6eFUe4ocNdubiaj5LY9OOM6yz_rfVn9u8k3UvyjHoUtMdn52mNa8_jmYmm0EKi1lEInapzh9dSP-rOp5sHgm3WyzLUu-oxEyDkOKNYWaT7p99v5MMc8b8ZAhxQ5PHSCowRsvokMYdjTXZRB-vInhcKFP8QwRPd97Gsegj4bkL-Lw_h\/w640-h636\/R-2370995-1576602733-4580.jpg\" alt=\"\"\/><\/figure>\n\n\n<div class=\"separator\">Nosso encontro hoje \u00e9 com Tita, Tita Lobo, Maria de Lourdes Gusm\u00e3o Lobo, cantora, compositora e violonista. Iniciou sua carreira nos anos 60 quando foi morar no Rio de Janeiro, fazendo parte dos movimentos da Bossa Nova. Gravou seu primeiro disco pela Philips, em 1964. Ainda nessa d\u00e9cada passou uma temporada na Europa se juntando ao contrabaixista Edson Lobo, do Trio C\u00e2mara. Foi l\u00e1, na Fran\u00e7a, que gravou este lp acompanhada do Trio Camara. Trabalho autoral e da melhor qualidade.<\/div>\n<div class=\"separator\">\u00a0<\/div>\n<div class=\"separator\">miss universo<\/div>\n<div class=\"separator\">livro lido<\/div>\n<div class=\"separator\">anjo<\/div>\n<div class=\"separator\">trapezista<\/div>\n<div class=\"separator\">zefa<\/div>\n<div class=\"separator\">um motivo de ser<\/div>\n<div class=\"separator\">beatriz<\/div>\n<div class=\"separator\">parafuso<\/div>\n<div class=\"separator\">n\u00e3o faz mal<\/div>\n<div class=\"separator\">livro em branco<\/div>\n<div class=\"separator\">vejo a tarde cair<\/div>\n<div class=\"separator\">quebra mar<\/div>\n<div class=\"separator\">\u00a0<\/div>\n<div class=\"separator\">\u00a0<\/div>\n<div class=\"separator\">.<\/div>\n<div class=\"separator\">\u00a0<\/div>\n<p>&nbsp;<\/p>\n<div class=\"separator\">\u00a0<\/div>","protected":false},"excerpt":{"rendered":"<p>Nosso encontro hoje \u00e9 com Tita, Tita Lobo, Maria de Lourdes Gusm\u00e3o Lobo, cantora, compositora e violonista. Iniciou sua carreira nos anos 60 quando foi morar no Rio de Janeiro, fazendo parte dos movimentos da Bossa Nova. Gravou seu primeiro &hellip; <a href=\"https:\/\/www.toque-musicall.com\/?p=10409\">Continue lendo <span class=\"meta-nav\">&rarr;<\/span><\/a><\/p>\n","protected":false},"author":1,"featured_media":0,"comment_status":"closed","ping_status":"closed","sticky":false,"template":"","format":"standard","meta":{"footnotes":""},"categories":[1],"tags":[4612,5661,5662],"class_list":["post-10409","post","type-post","status-publish","format-standard","hentry","category-sem-categoria","tag-selo-barclay","tag-tita","tag-tita-lobo"],"_links":{"self":[{"href":"https:\/\/www.toque-musicall.com\/index.php?rest_route=\/wp\/v2\/posts\/10409","targetHints":{"allow":["GET"]}}],"collection":[{"href":"https:\/\/www.toque-musicall.com\/index.php?rest_route=\/wp\/v2\/posts"}],"about":[{"href":"https:\/\/www.toque-musicall.com\/index.php?rest_route=\/wp\/v2\/types\/post"}],"author":[{"embeddable":true,"href":"https:\/\/www.toque-musicall.com\/index.php?rest_route=\/wp\/v2\/users\/1"}],"replies":[{"embeddable":true,"href":"https:\/\/www.toque-musicall.com\/index.php?rest_route=%2Fwp%2Fv2%2Fcomments&post=10409"}],"version-history":[{"count":1,"href":"https:\/\/www.toque-musicall.com\/index.php?rest_route=\/wp\/v2\/posts\/10409\/revisions"}],"predecessor-version":[{"id":10410,"href":"https:\/\/www.toque-musicall.com\/index.php?rest_route=\/wp\/v2\/posts\/10409\/revisions\/10410"}],"wp:attachment":[{"href":"https:\/\/www.toque-musicall.com\/index.php?rest_route=%2Fwp%2Fv2%2Fmedia&parent=10409"}],"wp:term":[{"taxonomy":"category","embeddable":true,"href":"https:\/\/www.toque-musicall.com\/index.php?rest_route=%2Fwp%2Fv2%2Fcategories&post=10409"},{"taxonomy":"post_tag","embeddable":true,"href":"https:\/\/www.toque-musicall.com\/index.php?rest_route=%2Fwp%2Fv2%2Ftags&post=10409"}],"curies":[{"name":"wp","href":"https:\/\/api.w.org\/{rel}","templated":true}]}}