{"id":1041,"date":"2009-10-28T07:57:00","date_gmt":"2009-10-28T07:57:00","guid":{"rendered":"http:\/\/www.toque-musicall.com\/?p=1041"},"modified":"2009-10-28T07:57:00","modified_gmt":"2009-10-28T07:57:00","slug":"patrulha-do-espaco-patrulha-85-1985","status":"publish","type":"post","link":"https:\/\/www.toque-musicall.com\/?p=1041","title":{"rendered":"Patrulha Do Espa\u00e7o &#8211; Patrulha 85 (1985)"},"content":{"rendered":"<p><a href=\"http:\/\/4.bp.blogspot.com\/_DSKVEvHtskc\/Suf8uNLuSzI\/AAAAAAAAFiw\/ETdyKk5NFOI\/s1600-h\/patrulha+P.JPG\"><img decoding=\"async\" style=\"display:block; margin:0px auto 10px; text-align:center;cursor:pointer; cursor:hand;width: 400px; height: 393px;\" src=\"http:\/\/4.bp.blogspot.com\/_DSKVEvHtskc\/Suf8uNLuSzI\/AAAAAAAAFiw\/ETdyKk5NFOI\/s400\/patrulha+P.JPG\" border=\"0\" alt=\"\" id=\"BLOGGER_PHOTO_ID_5397560549169842994\" \/><\/a>Ol\u00e1 rapaziada do rock, cultos e ocultos, seguimos nesta quarta-feira nervosa e corrida com outra banda que marcou \u00e9poca e ainda hoje est\u00e1 na estrada fazendo a alegria de muita gente, a Patrulha do Espa\u00e7o. Este grupo surgiu em S\u00e3o Paulo, na segunda metade dos anos 70, como banda de apoio do mutante Arnaldo Baptista. Na \u00e9poca, formada por Rolando Castello, Oswaldo Gennari e John Flavin. Um ano depois o trio saiu das asas (ou do disco voador, se preferirem) de Arnaldo viajante. Saiu tamb\u00e9m o irland\u00eas John Falvin, dando lugar a Eduardo Chermont. Botaram mais peso na guitarra e foram conquistar um espa\u00e7o ainda bem dilu\u00eddo do hard rock brasileiro. Participou tamb\u00e9m nesta \u00e9poca Percy Weiss,  ex-vocalista do Made In Brazil. Entre trancos e barrancos foram aos poucos conquistando e ampliando seu p\u00fablico Lan\u00e7aram em 1980 o seu primeiro \u00e1lbum, conhecido como o Disco Preto, talvez o primeiro disco de hard rock independente do Brasil. O \u00e1lbum era vendido atrav\u00e9s dos correios, outro pioneirismo no rock tupiniquim. Em pouco tempo a banda se consagraria como uma das melhores do cen\u00e1rio &#8216;roquemrou&#8217;. Passaram pelos anos 80 e 90 gravando v\u00e1rios discos, participando de todos os festivais de rock, fazendo shows por todo o pa\u00eds e tamb\u00e9m na Argentina. Em 1983 foram escolhidos para abrirem o show do Van Halen. Ao longo dessas tr\u00eas d\u00e9cadas a banda passou v\u00e1rias modifica\u00e7\u00f5es em sua forma\u00e7\u00e3o. Se consolidaram com um &#8220;power trio&#8221; de heavy metal e est\u00e3o na ativa at\u00e9 hoje, gra\u00e7as ao seu fundador, Rolando Castello Jr. O &#8220;Patrulha 85&#8221; \u00e9 quase um EP, gravado em apenas tr\u00eas dias, traz uma sonoridade ainda mais pesada e embora contando com a participa\u00e7\u00e3o do ex\u00edmio guitarista argentino, Pappo, o disco n\u00e3o decolou. Nos anos 90 saiu em cd a s\u00e9rie Dossi\u00eas, trazendo em um box de quatro discos com toda a produ\u00e7\u00e3o da banda. Mas eles n\u00e3o pararam por a\u00ed. Lan\u00e7aram mais discos e continuam em crescente atividade at\u00e9 hoje. Salve, salve&#8230;<\/p>\n<div><\/div>\n<div style=\"text-align: center;\">robot<\/div>\n<div style=\"text-align: center;\">mulher f\u00e1cil<\/div>\n<div style=\"text-align: center;\">olho animal<\/div>\n<div style=\"text-align: center;\">deus devorador<\/div>\n<div style=\"text-align: center;\">el riff<\/div>\n<div style=\"text-align: center;\"><\/div>\n<div style=\"text-align: center;\"><\/div>\n","protected":false},"excerpt":{"rendered":"<p>Ol\u00e1 rapaziada do rock, cultos e ocultos, seguimos nesta quarta-feira nervosa e corrida com outra banda que marcou \u00e9poca e ainda hoje est\u00e1 na estrada fazendo a alegria de muita gente, a Patrulha do Espa\u00e7o. Este grupo surgiu em S\u00e3o &hellip; <a href=\"https:\/\/www.toque-musicall.com\/?p=1041\">Continue lendo <span class=\"meta-nav\">&rarr;<\/span><\/a><\/p>\n","protected":false},"author":1,"featured_media":0,"comment_status":"open","ping_status":"closed","sticky":false,"template":"","format":"standard","meta":{"footnotes":""},"categories":[1326],"tags":[],"class_list":["post-1041","post","type-post","status-publish","format-standard","hentry","category-patrulha-do-espaco"],"_links":{"self":[{"href":"https:\/\/www.toque-musicall.com\/index.php?rest_route=\/wp\/v2\/posts\/1041","targetHints":{"allow":["GET"]}}],"collection":[{"href":"https:\/\/www.toque-musicall.com\/index.php?rest_route=\/wp\/v2\/posts"}],"about":[{"href":"https:\/\/www.toque-musicall.com\/index.php?rest_route=\/wp\/v2\/types\/post"}],"author":[{"embeddable":true,"href":"https:\/\/www.toque-musicall.com\/index.php?rest_route=\/wp\/v2\/users\/1"}],"replies":[{"embeddable":true,"href":"https:\/\/www.toque-musicall.com\/index.php?rest_route=%2Fwp%2Fv2%2Fcomments&post=1041"}],"version-history":[{"count":0,"href":"https:\/\/www.toque-musicall.com\/index.php?rest_route=\/wp\/v2\/posts\/1041\/revisions"}],"wp:attachment":[{"href":"https:\/\/www.toque-musicall.com\/index.php?rest_route=%2Fwp%2Fv2%2Fmedia&parent=1041"}],"wp:term":[{"taxonomy":"category","embeddable":true,"href":"https:\/\/www.toque-musicall.com\/index.php?rest_route=%2Fwp%2Fv2%2Fcategories&post=1041"},{"taxonomy":"post_tag","embeddable":true,"href":"https:\/\/www.toque-musicall.com\/index.php?rest_route=%2Fwp%2Fv2%2Ftags&post=1041"}],"curies":[{"name":"wp","href":"https:\/\/api.w.org\/{rel}","templated":true}]}}