{"id":10414,"date":"2024-04-24T19:53:57","date_gmt":"2024-04-24T22:53:57","guid":{"rendered":"https:\/\/www.toque-musicall.com\/?p=10414"},"modified":"2024-05-31T19:58:21","modified_gmt":"2024-05-31T22:58:21","slug":"gilson-peranzzetta-seiva-1987","status":"publish","type":"post","link":"https:\/\/www.toque-musicall.com\/?p=10414","title":{"rendered":"Gilson Peranzzetta &#8211; Seiva (1987)"},"content":{"rendered":"\n<figure class=\"wp-block-image size-large\"><img decoding=\"async\" src=\"https:\/\/blogger.googleusercontent.com\/img\/b\/R29vZ2xl\/AVvXsEiQpyQ8UC_osXw9kLn3OND5eoh5Wyo0jd6tW_OIn0k8qF7Rl6tg07BgxsuPrs6vcWoTPgd31NeLeWM9HBKymVnMLZYvDO-lLqtyeuXAtpMhLfaDrlrSmsMigx6rfq6qHwTDFwQAAZ2qfSEvpvAt_3w43aQ6heU8ozcoiIhAIa9Or8TcC-1ogNDpFX6v4iCV\/w640-h632\/Capturar.JPG\" alt=\"\"\/><\/figure>\n\n\n\n<figure class=\"wp-block-image size-large\"><img decoding=\"async\" src=\"https:\/\/blogger.googleusercontent.com\/img\/b\/R29vZ2xl\/AVvXsEjiAYcoSjpJhhCesBI1Yq57dQHr4RNCOoj556N0DuIkNntIkgGn7bZnxBc7jDbk-CnhmPXkbhbfXjIOCG3U2U2z8Y383CtbS8LYpLzKs24ylskiwzGahGDN0oj4KEVpzrSnJL1sifSu587Hk090c9n477ExYik2RpF2U2JHUhtRf64x4mRWWbOvJbSXT7YB\/w640-h618\/CapturarB.JPG\" alt=\"\"\/><\/figure>\n\n\n<div class=\"separator\">Hoje, uma postagem para os amantes do choro e em especial, aos f\u00e3s do grande Abel Ferreira. Um trabalho encomendado a um outro grande m\u00fasico, o pianista, regente e arranjador Gilson Peranzzeta, respons\u00e1vel pela concep\u00e7\u00e3o musical deste projeto chamado Seiva, produ\u00e7\u00e3o de\u00a0 Lauro Henrique Alves Pinto e Nina Rosa Aguiar Alves Pinto. Disco gravado em Belo Horizonte, em 1987, com Gilson Peranzzetta ao piano regendo um conjunto com m\u00fasicos jovens da cidade. H\u00e1 participa\u00e7\u00e3o especial do violonista Sebasti\u00e3o Tapaj\u00f3s. Conforme o texto do encarte, &#8220;este trabalho buscou retirar do esquecimento a p\u00e1gina importante que Abel Ferreira escreveu na m\u00fasica do Brasil. Sob a forma de Su\u00edte, Seiva resgata a alma do Abel chor\u00e3o, por meio de suas melodias mais expressivas, todas reescritas para novas forma\u00e7\u00f5es t\u00edmbricas&#8230;&#8221; S\u00e3o oito faixas com m\u00fasicas de Abel, tendo cada uma introdu\u00e7\u00f5es como uma esp\u00e9cie de abertura, criadas por Peranzzetta. Um \u00e1lbum que se complementa com encartes e informa\u00e7\u00f5es sobre este sens\u00edvel e raro projeto musical. Vale a pena conhecer&#8230;<\/div>\n<div class=\"separator\">\u00a0<\/div>\n<div class=\"separator\">entardecendo &#8211; uma noite em s\u00e3o borja<\/div>\n<div class=\"separator\">todo veneno &#8211; sovaco de cobra<\/div>\n<div class=\"separator\">chuva de prata &#8211; luar de coromandel<\/div>\n<div class=\"separator\">aurora &#8211; acariciando<\/div>\n<div class=\"separator\">insinuante &#8211; sai da frente<\/div>\n<div class=\"separator\">ra\u00edzes &#8211; seiva<\/div>\n<div class=\"separator\">nossos pecados &#8211; doce mentira<\/div>\n<div class=\"separator\">entardecendo &#8211; chorando baixinho<\/div>\n<div class=\"separator\">\u00a0<\/div>\n<div class=\"separator\">\u00a0<\/div>\n<div class=\"separator\">.<\/div>\n<div class=\"separator\">\u00a0<\/div>","protected":false},"excerpt":{"rendered":"<p>Hoje, uma postagem para os amantes do choro e em especial, aos f\u00e3s do grande Abel Ferreira. Um trabalho encomendado a um outro grande m\u00fasico, o pianista, regente e arranjador Gilson Peranzzeta, respons\u00e1vel pela concep\u00e7\u00e3o musical deste projeto chamado Seiva, &hellip; <a href=\"https:\/\/www.toque-musicall.com\/?p=10414\">Continue lendo <span class=\"meta-nav\">&rarr;<\/span><\/a><\/p>\n","protected":false},"author":1,"featured_media":0,"comment_status":"closed","ping_status":"closed","sticky":false,"template":"","format":"standard","meta":{"footnotes":""},"categories":[1],"tags":[3795,5663,3017],"class_list":["post-10414","post","type-post","status-publish","format-standard","hentry","category-sem-categoria","tag-abel-ferreira","tag-gilson-peranzzetta","tag-selo-independente"],"_links":{"self":[{"href":"https:\/\/www.toque-musicall.com\/index.php?rest_route=\/wp\/v2\/posts\/10414","targetHints":{"allow":["GET"]}}],"collection":[{"href":"https:\/\/www.toque-musicall.com\/index.php?rest_route=\/wp\/v2\/posts"}],"about":[{"href":"https:\/\/www.toque-musicall.com\/index.php?rest_route=\/wp\/v2\/types\/post"}],"author":[{"embeddable":true,"href":"https:\/\/www.toque-musicall.com\/index.php?rest_route=\/wp\/v2\/users\/1"}],"replies":[{"embeddable":true,"href":"https:\/\/www.toque-musicall.com\/index.php?rest_route=%2Fwp%2Fv2%2Fcomments&post=10414"}],"version-history":[{"count":2,"href":"https:\/\/www.toque-musicall.com\/index.php?rest_route=\/wp\/v2\/posts\/10414\/revisions"}],"predecessor-version":[{"id":10416,"href":"https:\/\/www.toque-musicall.com\/index.php?rest_route=\/wp\/v2\/posts\/10414\/revisions\/10416"}],"wp:attachment":[{"href":"https:\/\/www.toque-musicall.com\/index.php?rest_route=%2Fwp%2Fv2%2Fmedia&parent=10414"}],"wp:term":[{"taxonomy":"category","embeddable":true,"href":"https:\/\/www.toque-musicall.com\/index.php?rest_route=%2Fwp%2Fv2%2Fcategories&post=10414"},{"taxonomy":"post_tag","embeddable":true,"href":"https:\/\/www.toque-musicall.com\/index.php?rest_route=%2Fwp%2Fv2%2Ftags&post=10414"}],"curies":[{"name":"wp","href":"https:\/\/api.w.org\/{rel}","templated":true}]}}