{"id":10417,"date":"2024-04-25T21:54:54","date_gmt":"2024-04-26T00:54:54","guid":{"rendered":"https:\/\/www.toque-musicall.com\/?p=10417"},"modified":"2024-05-31T21:56:56","modified_gmt":"2024-06-01T00:56:56","slug":"risadinha-festival-de-sambas-1958","status":"publish","type":"post","link":"https:\/\/www.toque-musicall.com\/?p=10417","title":{"rendered":"Risadinha &#8211; Festival De Sambas (1958)"},"content":{"rendered":"\n<figure class=\"wp-block-image size-large\"><img decoding=\"async\" src=\"https:\/\/blogger.googleusercontent.com\/img\/b\/R29vZ2xl\/AVvXsEgzd54E-TtSKa4f7yLRED4sj0cFJ56xAMaDiygwa6vg7u8TgR7yhoBf9Ykcap5ob5bOMQPQGK_skIo0GI-cRGR6KQnY6aY859deAHJvPwWQ-aTom9bWiGp5mLOpjLwrs2UDD71kfXFncV5YU2EfHMIK63Df8SLEyK-dKCvwDLv4I3UfXUDwyeQVQb1A_rYo\/w628-h640\/Capturar.JPG\" alt=\"\"\/><\/figure>\n\n\n\n<figure class=\"wp-block-image size-large\"><img decoding=\"async\" src=\"https:\/\/blogger.googleusercontent.com\/img\/b\/R29vZ2xl\/AVvXsEgZe-vDx3F0aIgyTiT2JD5qN7LpJoAeiFZxYPKC-QZL4c_ykorhGNa-amZtsvPZ5QX3VeHnsX0S31EEmZlHQNsTAM_hiDfT1Lk5Uvr7z1iN3G9sQ4fd_Xy6Q49V1ICSH_P8FTOmcDxWOmI_6jkixPp8kHJ_2cnLF_556V_38HWNag08_WY3Fczasd0R4PO1\/w640-h638\/Capturarb.JPG\" alt=\"\"\/><\/figure>\n\n\n<div class=\"separator\">E mais uma vez, marcando presen\u00e7a em nosso Toque Musical, temos Risadinha, cantor e compositor que se destacou no samba, principalmente em temas e g\u00eaneros carnavalescos. Aqui temos um bom exemplo, Festival de Sambas, uma colet\u00e2nea de sambas memor\u00e1veis, regravados por ele para este lp de 1958. Joia que merece aten\u00e7\u00e3o.\u00a0\u00a0<\/div>\n<div class=\"separator\">\u00a0<\/div>\n<div class=\"separator\">madureira chorou<\/div>\n<div class=\"separator\">madalena<\/div>\n<div class=\"separator\">tumba lel\u00ea<\/div>\n<div class=\"separator\">se eu errei<\/div>\n<div class=\"separator\">agrade\u00e7o ao senhor<\/div>\n<div class=\"separator\">atire a primeira pedra<\/div>\n<div class=\"separator\">a fonte secou<\/div>\n<div class=\"separator\">hoje ou amanh\u00e3<\/div>\n<div class=\"separator\">implorar<\/div>\n<div class=\"separator\">vem morar comigo<\/div>\n<div class=\"separator\">humilha\u00e7\u00e3o<\/div>\n<div class=\"separator\">n\u00e3o me diga adeus<\/div>\n<div class=\"separator\">\u00a0<\/div>\n<div class=\"separator\">\u00a0<\/div>\n<div class=\"separator\">.\u00a0<\/div>\n<div class=\"separator\">\u00a0<\/div>","protected":false},"excerpt":{"rendered":"<p>E mais uma vez, marcando presen\u00e7a em nosso Toque Musical, temos Risadinha, cantor e compositor que se destacou no samba, principalmente em temas e g\u00eaneros carnavalescos. Aqui temos um bom exemplo, Festival de Sambas, uma colet\u00e2nea de sambas memor\u00e1veis, regravados &hellip; <a href=\"https:\/\/www.toque-musicall.com\/?p=10417\">Continue lendo <span class=\"meta-nav\">&rarr;<\/span><\/a><\/p>\n","protected":false},"author":1,"featured_media":0,"comment_status":"closed","ping_status":"closed","sticky":false,"template":"","format":"standard","meta":{"footnotes":""},"categories":[1],"tags":[3554,3327],"class_list":["post-10417","post","type-post","status-publish","format-standard","hentry","category-sem-categoria","tag-risadinha","tag-selo-continental"],"_links":{"self":[{"href":"https:\/\/www.toque-musicall.com\/index.php?rest_route=\/wp\/v2\/posts\/10417","targetHints":{"allow":["GET"]}}],"collection":[{"href":"https:\/\/www.toque-musicall.com\/index.php?rest_route=\/wp\/v2\/posts"}],"about":[{"href":"https:\/\/www.toque-musicall.com\/index.php?rest_route=\/wp\/v2\/types\/post"}],"author":[{"embeddable":true,"href":"https:\/\/www.toque-musicall.com\/index.php?rest_route=\/wp\/v2\/users\/1"}],"replies":[{"embeddable":true,"href":"https:\/\/www.toque-musicall.com\/index.php?rest_route=%2Fwp%2Fv2%2Fcomments&post=10417"}],"version-history":[{"count":1,"href":"https:\/\/www.toque-musicall.com\/index.php?rest_route=\/wp\/v2\/posts\/10417\/revisions"}],"predecessor-version":[{"id":10418,"href":"https:\/\/www.toque-musicall.com\/index.php?rest_route=\/wp\/v2\/posts\/10417\/revisions\/10418"}],"wp:attachment":[{"href":"https:\/\/www.toque-musicall.com\/index.php?rest_route=%2Fwp%2Fv2%2Fmedia&parent=10417"}],"wp:term":[{"taxonomy":"category","embeddable":true,"href":"https:\/\/www.toque-musicall.com\/index.php?rest_route=%2Fwp%2Fv2%2Fcategories&post=10417"},{"taxonomy":"post_tag","embeddable":true,"href":"https:\/\/www.toque-musicall.com\/index.php?rest_route=%2Fwp%2Fv2%2Ftags&post=10417"}],"curies":[{"name":"wp","href":"https:\/\/api.w.org\/{rel}","templated":true}]}}