{"id":10421,"date":"2024-04-27T20:09:33","date_gmt":"2024-04-27T23:09:33","guid":{"rendered":"https:\/\/www.toque-musicall.com\/?p=10421"},"modified":"2024-06-03T20:11:16","modified_gmt":"2024-06-03T23:11:16","slug":"franco-1974","status":"publish","type":"post","link":"https:\/\/www.toque-musicall.com\/?p=10421","title":{"rendered":"Franco (1974)"},"content":{"rendered":"\n<figure class=\"wp-block-image size-large\"><img decoding=\"async\" src=\"https:\/\/blogger.googleusercontent.com\/img\/b\/R29vZ2xl\/AVvXsEgz7gfinUPuydQkIfIrj9a24v625wsgs1MOh0VYd9fGrijEBt5D6xptfbnXg_J2hgOYzXRQTKRaF2b5c2NYAGXuF_fb7f6jYEgKwNDTNjGpauWuU6nwcodAgXzDZIsGnQr-6XmyjifCbyvbjXxLvSDvQP9F9xfc6IDNHMvlYr0SUimYnHeiCgMF0PeyVHUT\/w640-h638\/Capturar.JPG\" alt=\"\"\/><\/figure>\n\n\n\n<figure class=\"wp-block-image size-large\"><img decoding=\"async\" src=\"https:\/\/blogger.googleusercontent.com\/img\/b\/R29vZ2xl\/AVvXsEj6JdfUlkTvApXcS3BMI0s1MlBnsE8IiJuREOtFUb9aYK86WbAtFiCCfjfL_2-PEGMRP_g8DJF4-A0fVQo_bX7gvS-waOpNK2cy06JVFVhgP63Y64hUnHzsjeu3pYL-XFxc0im00e5z_dAyW04XLet7hqSpfUlXN_tsLwUsx7YXd01KJXrgC3ZAZy7sSHGp\/w640-h630\/Capturarb.JPG\" alt=\"\"\/><\/figure>\n\n\n<div class=\"separator\">Hoje vamos apresentando aqui, Franco, artista que iniciou sua carreira nos anos 60 quando fez parte do grupo Os Brasas, ao lado do &#8216;guitarreiro&#8217; Luis Wagner. Seguiu depois uma carreira solo como cantor, gravando dois na d\u00e9cada de 70. Depois virou empres\u00e1rio de Zez\u00e9 de Camargo &amp; Luciano e tamb\u00e9m produziu um grupo com seus filhos, o trio KLB, que fez sucesso no in\u00edcio dos anos 2000. Franco, infelizmente, faleceu em 2018. Este foi seu primeiro disco, de 1974, um trabalho maduro com um repert\u00f3rio voltado essencialmente para o samba can\u00e7\u00e3o.<\/div>\n<div class=\"separator\">\u00a0<\/div>\n<div class=\"separator\">um tal por\u00e9m<\/div>\n<div class=\"separator\">ei voc\u00ea, psiu<\/div>\n<div class=\"separator\">retrato<\/div>\n<div class=\"separator\">da cor do pecado<\/div>\n<div class=\"separator\">pra qu\u00ea<\/div>\n<div class=\"separator\">maior \u00e9 deus<\/div>\n<div class=\"separator\">condicionamento<\/div>\n<div class=\"separator\">copacabana<\/div>\n<div class=\"separator\">pecado em corpo inteiro<\/div>\n<div class=\"separator\">n\u00e3o \u00e9 nada disso irm\u00e3o<\/div>\n<div class=\"separator\">maravilhoso \u00e9 sambar<\/div>\n<div class=\"separator\">amiga namorada companheira<\/div>\n<div class=\"separator\">\u00a0<\/div>\n<div class=\"separator\">\u00a0<\/div>\n<div class=\"separator\">.<\/div>","protected":false},"excerpt":{"rendered":"<p>Hoje vamos apresentando aqui, Franco, artista que iniciou sua carreira nos anos 60 quando fez parte do grupo Os Brasas, ao lado do &#8216;guitarreiro&#8217; Luis Wagner. Seguiu depois uma carreira solo como cantor, gravando dois na d\u00e9cada de 70. Depois &hellip; <a href=\"https:\/\/www.toque-musicall.com\/?p=10421\">Continue lendo <span class=\"meta-nav\">&rarr;<\/span><\/a><\/p>\n","protected":false},"author":1,"featured_media":0,"comment_status":"closed","ping_status":"closed","sticky":false,"template":"","format":"standard","meta":{"footnotes":""},"categories":[1],"tags":[5665,3327],"class_list":["post-10421","post","type-post","status-publish","format-standard","hentry","category-sem-categoria","tag-franco","tag-selo-continental"],"_links":{"self":[{"href":"https:\/\/www.toque-musicall.com\/index.php?rest_route=\/wp\/v2\/posts\/10421","targetHints":{"allow":["GET"]}}],"collection":[{"href":"https:\/\/www.toque-musicall.com\/index.php?rest_route=\/wp\/v2\/posts"}],"about":[{"href":"https:\/\/www.toque-musicall.com\/index.php?rest_route=\/wp\/v2\/types\/post"}],"author":[{"embeddable":true,"href":"https:\/\/www.toque-musicall.com\/index.php?rest_route=\/wp\/v2\/users\/1"}],"replies":[{"embeddable":true,"href":"https:\/\/www.toque-musicall.com\/index.php?rest_route=%2Fwp%2Fv2%2Fcomments&post=10421"}],"version-history":[{"count":1,"href":"https:\/\/www.toque-musicall.com\/index.php?rest_route=\/wp\/v2\/posts\/10421\/revisions"}],"predecessor-version":[{"id":10422,"href":"https:\/\/www.toque-musicall.com\/index.php?rest_route=\/wp\/v2\/posts\/10421\/revisions\/10422"}],"wp:attachment":[{"href":"https:\/\/www.toque-musicall.com\/index.php?rest_route=%2Fwp%2Fv2%2Fmedia&parent=10421"}],"wp:term":[{"taxonomy":"category","embeddable":true,"href":"https:\/\/www.toque-musicall.com\/index.php?rest_route=%2Fwp%2Fv2%2Fcategories&post=10421"},{"taxonomy":"post_tag","embeddable":true,"href":"https:\/\/www.toque-musicall.com\/index.php?rest_route=%2Fwp%2Fv2%2Ftags&post=10421"}],"curies":[{"name":"wp","href":"https:\/\/api.w.org\/{rel}","templated":true}]}}