{"id":10423,"date":"2024-04-29T20:11:38","date_gmt":"2024-04-29T23:11:38","guid":{"rendered":"https:\/\/www.toque-musicall.com\/?p=10423"},"modified":"2024-06-05T17:10:53","modified_gmt":"2024-06-05T20:10:53","slug":"alexandre-gnatalli-e-orquestra-samba-samba-samba-vol-2-1961","status":"publish","type":"post","link":"https:\/\/www.toque-musicall.com\/?p=10423","title":{"rendered":"Alexandre Gnatalli E Orquestra &#8211; Samba, Samba, Samba Vol. 2 (1961)"},"content":{"rendered":"\n<figure class=\"wp-block-image size-large\"><img decoding=\"async\" src=\"https:\/\/blogger.googleusercontent.com\/img\/b\/R29vZ2xl\/AVvXsEgHvNZzKhe6FgGXPuDCHQ44hshTH2c_VcZtDYpM0lcDdlIdSmyjQ-xUjgP9zPKm-mr7_DLbtHifYq0ff0YNzAFL_hKtyG_yswk1Bhhmm1WpYBj3You9f6k9TwTHJuld2CtDtXiuHb4_5WSzm-KlIqb8vlOiSce2Ky_TYnO8nQWFUQ6af_dmyGt-YfDS90oZ\/w640-h630\/Capturar.JPG\" alt=\"\"\/><\/figure>\n\n\n\n<figure class=\"wp-block-image size-large\"><img decoding=\"async\" src=\"https:\/\/blogger.googleusercontent.com\/img\/b\/R29vZ2xl\/AVvXsEgNuUiVODxxaHokQIpaHU80DRXGUPENz6vKf-V-R4Fw0brD6g7B-TmSTpmGny31PyFb-CCFMzYYtKx2UkBDSYxFnBBOCNGRGE3-PPUU3ikljutkBOjuZk-ENcQzX2Y0hJIT1ALw4zcTgcZ0QazH3NhlWGFoWfoh3Ax2Lm98bSw9TuayyOMPOBfuHiSOWJws\/w640-h630\/Capturarb.JPG\" alt=\"\"\/><\/figure>\n\n\n<p>Samba, samba, samba! Um dia postamos aqui a orquestra de Alexandre Gnatalli num show musical dedicado ao samba. Maravilha de lp! Eis que passado tanto tempo, agora encontramos um segundo volume, disco t\u00e3o bom quanto o primeiro. Uma sele\u00e7\u00e3o de sambas cl\u00e1ssicos para orquestra e c\u00f4ro. Recomedad\u00edssimo!<\/p>\n<div>labareda<\/div>\n<div>beijo na boca<\/div>\n<div>se acaso voc\u00ea chegasse<\/div>\n<div>se eu errei<\/div>\n<div>couro do falecido<\/div>\n<div>s\u00f3 dan\u00e7o samba<\/div>\n<div>liberdade demais<\/div>\n<div>me queimei<\/div>\n<div>larga o meu p\u00e9<\/div>\n<div>beija-me<\/div>\n<div>este samba tem parada<\/div>\n<div>gama\u00e7\u00e3o<\/div>\n<div>\u00a0<\/div>\n<div>\u00a0<\/div>","protected":false},"excerpt":{"rendered":"<p>Samba, samba, samba! Um dia postamos aqui a orquestra de Alexandre Gnatalli num show musical dedicado ao samba. Maravilha de lp! Eis que passado tanto tempo, agora encontramos um segundo volume, disco t\u00e3o bom quanto o primeiro. Uma sele\u00e7\u00e3o de &hellip; <a href=\"https:\/\/www.toque-musicall.com\/?p=10423\">Continue lendo <span class=\"meta-nav\">&rarr;<\/span><\/a><\/p>\n","protected":false},"author":1,"featured_media":0,"comment_status":"closed","ping_status":"closed","sticky":false,"template":"","format":"standard","meta":{"footnotes":""},"categories":[1],"tags":[3591,3238],"class_list":["post-10423","post","type-post","status-publish","format-standard","hentry","category-sem-categoria","tag-alexandre-gnattali","tag-selo-columbia"],"_links":{"self":[{"href":"https:\/\/www.toque-musicall.com\/index.php?rest_route=\/wp\/v2\/posts\/10423","targetHints":{"allow":["GET"]}}],"collection":[{"href":"https:\/\/www.toque-musicall.com\/index.php?rest_route=\/wp\/v2\/posts"}],"about":[{"href":"https:\/\/www.toque-musicall.com\/index.php?rest_route=\/wp\/v2\/types\/post"}],"author":[{"embeddable":true,"href":"https:\/\/www.toque-musicall.com\/index.php?rest_route=\/wp\/v2\/users\/1"}],"replies":[{"embeddable":true,"href":"https:\/\/www.toque-musicall.com\/index.php?rest_route=%2Fwp%2Fv2%2Fcomments&post=10423"}],"version-history":[{"count":1,"href":"https:\/\/www.toque-musicall.com\/index.php?rest_route=\/wp\/v2\/posts\/10423\/revisions"}],"predecessor-version":[{"id":10424,"href":"https:\/\/www.toque-musicall.com\/index.php?rest_route=\/wp\/v2\/posts\/10423\/revisions\/10424"}],"wp:attachment":[{"href":"https:\/\/www.toque-musicall.com\/index.php?rest_route=%2Fwp%2Fv2%2Fmedia&parent=10423"}],"wp:term":[{"taxonomy":"category","embeddable":true,"href":"https:\/\/www.toque-musicall.com\/index.php?rest_route=%2Fwp%2Fv2%2Fcategories&post=10423"},{"taxonomy":"post_tag","embeddable":true,"href":"https:\/\/www.toque-musicall.com\/index.php?rest_route=%2Fwp%2Fv2%2Ftags&post=10423"}],"curies":[{"name":"wp","href":"https:\/\/api.w.org\/{rel}","templated":true}]}}