{"id":10429,"date":"2024-05-02T20:06:55","date_gmt":"2024-05-02T23:06:55","guid":{"rendered":"https:\/\/www.toque-musicall.com\/?p=10429"},"modified":"2024-06-04T20:08:29","modified_gmt":"2024-06-04T23:08:29","slug":"candeia-1989","status":"publish","type":"post","link":"https:\/\/www.toque-musicall.com\/?p=10429","title":{"rendered":"Candeia (1989)"},"content":{"rendered":"\n<figure class=\"wp-block-image size-large\"><img decoding=\"async\" src=\"https:\/\/blogger.googleusercontent.com\/img\/b\/R29vZ2xl\/AVvXsEgeVQfX4mLkt9jR7xXuwjH3c8cuwUSmyi-DKedNeHtXHEObr3BVk6EgkFUAKWgOBw29_zBEo3aE27XwJdk5vSsKpDdhV7EG5Ys257ugVq_9hDNvqgUNah37mSuQgjOVwfGQBHXpewfGOPcRHj0-ftKVFz66xX_ZLdAgBz52z9eUwlS8DrMjyRADwLIrE0Tj\/w640-h640\/capa.jpg\" alt=\"\"\/><\/figure>\n\n\n\n<figure class=\"wp-block-image size-large\"><img decoding=\"async\" src=\"https:\/\/blogger.googleusercontent.com\/img\/b\/R29vZ2xl\/AVvXsEgfeq_MdgQkUL_IWrA1eLnUVir8DtDfqqoC3xghNT8VCIY0oRZr5dhL0Xz0CPs3u9BGH-tfdCTENlsBmkCf3xR-2nRGssemxdySFd_HTumaGgR0EJitzGKJ-i9_NKK7E_QhfGVRMMbt4egwXY-Z53cRhWtAR2RJIVyEDTNhLGO8zh7NtEXNAMA0r03rY9ra\/w640-h640\/contracapa.jpg\" alt=\"\"\/><\/figure>\n\n\n<div class=\"separator\">Hoje (e sempre) mais um \u00e1lbum raro que vale o nosso toque musical. Temos aqui uma edi\u00e7\u00e3o da Funarte em homenagem ao compositor e sambista Candeia. Passados dez anos de sua morte, lan\u00e7aram este lp, uma grande homenagem, reunindo os mais prestigiados artistas do samba. Um disco que vale realmente ser ouvido.<\/div>\n<div class=\"separator\">\u00a0<\/div>\n<div class=\"separator\">n\u00e3o vou te perdoar<\/div>\n<div class=\"separator\">morro do sossego<\/div>\n<div class=\"separator\">o \u00faltimo bloco<\/div>\n<div class=\"separator\">anjo moreno<\/div>\n<div class=\"separator\">quero estar s\u00f3<\/div>\n<div class=\"separator\">portela \u00e9 uma fam\u00edlia reunida<\/div>\n<div class=\"separator\">crian\u00e7a louca<\/div>\n<div class=\"separator\">r\u00e9u confesso indecis\u00e3o<\/div>\n<div class=\"separator\">seis datas magnas<\/div>\n<div class=\"separator\">testamento de partideiro<\/div>\n<div class=\"separator\">peso dos anos<\/div>\n<div class=\"separator\">\u00a0<\/div>\n<div class=\"separator\">\u00a0<\/div>","protected":false},"excerpt":{"rendered":"<p>Hoje (e sempre) mais um \u00e1lbum raro que vale o nosso toque musical. Temos aqui uma edi\u00e7\u00e3o da Funarte em homenagem ao compositor e sambista Candeia. Passados dez anos de sua morte, lan\u00e7aram este lp, uma grande homenagem, reunindo os &hellip; <a href=\"https:\/\/www.toque-musicall.com\/?p=10429\">Continue lendo <span class=\"meta-nav\">&rarr;<\/span><\/a><\/p>\n","protected":false},"author":1,"featured_media":0,"comment_status":"closed","ping_status":"closed","sticky":false,"template":"","format":"standard","meta":{"footnotes":""},"categories":[1],"tags":[3713,5271],"class_list":["post-10429","post","type-post","status-publish","format-standard","hentry","category-sem-categoria","tag-candeia","tag-selo-funarte"],"_links":{"self":[{"href":"https:\/\/www.toque-musicall.com\/index.php?rest_route=\/wp\/v2\/posts\/10429","targetHints":{"allow":["GET"]}}],"collection":[{"href":"https:\/\/www.toque-musicall.com\/index.php?rest_route=\/wp\/v2\/posts"}],"about":[{"href":"https:\/\/www.toque-musicall.com\/index.php?rest_route=\/wp\/v2\/types\/post"}],"author":[{"embeddable":true,"href":"https:\/\/www.toque-musicall.com\/index.php?rest_route=\/wp\/v2\/users\/1"}],"replies":[{"embeddable":true,"href":"https:\/\/www.toque-musicall.com\/index.php?rest_route=%2Fwp%2Fv2%2Fcomments&post=10429"}],"version-history":[{"count":1,"href":"https:\/\/www.toque-musicall.com\/index.php?rest_route=\/wp\/v2\/posts\/10429\/revisions"}],"predecessor-version":[{"id":10430,"href":"https:\/\/www.toque-musicall.com\/index.php?rest_route=\/wp\/v2\/posts\/10429\/revisions\/10430"}],"wp:attachment":[{"href":"https:\/\/www.toque-musicall.com\/index.php?rest_route=%2Fwp%2Fv2%2Fmedia&parent=10429"}],"wp:term":[{"taxonomy":"category","embeddable":true,"href":"https:\/\/www.toque-musicall.com\/index.php?rest_route=%2Fwp%2Fv2%2Fcategories&post=10429"},{"taxonomy":"post_tag","embeddable":true,"href":"https:\/\/www.toque-musicall.com\/index.php?rest_route=%2Fwp%2Fv2%2Ftags&post=10429"}],"curies":[{"name":"wp","href":"https:\/\/api.w.org\/{rel}","templated":true}]}}