{"id":1043,"date":"2009-10-26T21:19:00","date_gmt":"2009-10-26T21:19:00","guid":{"rendered":"http:\/\/www.toque-musicall.com\/?p=1043"},"modified":"2009-10-26T21:19:00","modified_gmt":"2009-10-26T21:19:00","slug":"mutantes-compacto-1976","status":"publish","type":"post","link":"https:\/\/www.toque-musicall.com\/?p=1043","title":{"rendered":"Mutantes &#8211; Compacto (1976)"},"content":{"rendered":"<p><a href=\"http:\/\/2.bp.blogspot.com\/_DSKVEvHtskc\/SuYS6DVlU6I\/AAAAAAAAFiY\/TUHuB0CMEug\/s1600-h\/mutantes+76+P.JPG\"><img decoding=\"async\" style=\"display:block; margin:0px auto 10px; text-align:center;cursor:pointer; cursor:hand;width: 400px; height: 398px;\" src=\"http:\/\/2.bp.blogspot.com\/_DSKVEvHtskc\/SuYS6DVlU6I\/AAAAAAAAFiY\/TUHuB0CMEug\/s400\/mutantes+76+P.JPG\" border=\"0\" alt=\"\" id=\"BLOGGER_PHOTO_ID_5397021991987663778\" \/><\/a>Complementando a postagem de hoje, me lembrei deste compacto dos Mutantes, lan\u00e7ado dois anos depois e ainda com a mesma forma\u00e7\u00e3o: Sergio Dias, T\u00falio Mour\u00e3o, Ruy Motta e Antonio Pedro de Medeiros. Sem perder a ginga progressiva, o grupo cria neste compacto uma sonoridade, fazendo a gente se lembrar que ali ainda tem Mutantes. <\/p>\n<div>Para quem j\u00e1 estava sentido falta de compactos, ta\u00ed mais um com tudo a ver e ouvir \ud83d\ude42<\/div>\n<div><\/div>\n<div>\n<div style=\"text-align: center;\">cavaleiros negros<\/div>\n<div style=\"text-align: center;\">tudo bem <\/div>\n<div style=\"text-align: center;\">balada do amigo<\/div>\n<div><\/div>\n<div><\/div>\n<\/div>\n","protected":false},"excerpt":{"rendered":"<p>Complementando a postagem de hoje, me lembrei deste compacto dos Mutantes, lan\u00e7ado dois anos depois e ainda com a mesma forma\u00e7\u00e3o: Sergio Dias, T\u00falio Mour\u00e3o, Ruy Motta e Antonio Pedro de Medeiros. Sem perder a ginga progressiva, o grupo cria &hellip; <a href=\"https:\/\/www.toque-musicall.com\/?p=1043\">Continue lendo <span class=\"meta-nav\">&rarr;<\/span><\/a><\/p>\n","protected":false},"author":1,"featured_media":0,"comment_status":"open","ping_status":"closed","sticky":false,"template":"","format":"standard","meta":{"footnotes":""},"categories":[801],"tags":[],"class_list":["post-1043","post","type-post","status-publish","format-standard","hentry","category-mutantes"],"_links":{"self":[{"href":"https:\/\/www.toque-musicall.com\/index.php?rest_route=\/wp\/v2\/posts\/1043","targetHints":{"allow":["GET"]}}],"collection":[{"href":"https:\/\/www.toque-musicall.com\/index.php?rest_route=\/wp\/v2\/posts"}],"about":[{"href":"https:\/\/www.toque-musicall.com\/index.php?rest_route=\/wp\/v2\/types\/post"}],"author":[{"embeddable":true,"href":"https:\/\/www.toque-musicall.com\/index.php?rest_route=\/wp\/v2\/users\/1"}],"replies":[{"embeddable":true,"href":"https:\/\/www.toque-musicall.com\/index.php?rest_route=%2Fwp%2Fv2%2Fcomments&post=1043"}],"version-history":[{"count":0,"href":"https:\/\/www.toque-musicall.com\/index.php?rest_route=\/wp\/v2\/posts\/1043\/revisions"}],"wp:attachment":[{"href":"https:\/\/www.toque-musicall.com\/index.php?rest_route=%2Fwp%2Fv2%2Fmedia&parent=1043"}],"wp:term":[{"taxonomy":"category","embeddable":true,"href":"https:\/\/www.toque-musicall.com\/index.php?rest_route=%2Fwp%2Fv2%2Fcategories&post=1043"},{"taxonomy":"post_tag","embeddable":true,"href":"https:\/\/www.toque-musicall.com\/index.php?rest_route=%2Fwp%2Fv2%2Ftags&post=1043"}],"curies":[{"name":"wp","href":"https:\/\/api.w.org\/{rel}","templated":true}]}}