{"id":10431,"date":"2024-04-28T17:08:19","date_gmt":"2024-04-28T20:08:19","guid":{"rendered":"https:\/\/www.toque-musicall.com\/?p=10431"},"modified":"2024-06-05T17:10:18","modified_gmt":"2024-06-05T20:10:18","slug":"eduardo-assad-e-as-menestreis-renee-e-ederly-1984","status":"publish","type":"post","link":"https:\/\/www.toque-musicall.com\/?p=10431","title":{"rendered":"Eduardo Assad &#8211; E As Menestreis Ren\u00e9e E Ederly (1984)"},"content":{"rendered":"\n<figure class=\"wp-block-image size-large\"><img decoding=\"async\" src=\"https:\/\/blogger.googleusercontent.com\/img\/b\/R29vZ2xl\/AVvXsEgF9ILtW3Vt0B0wtoSg0WcbH96gV6rA3BHdAeIW1xEptmKz_n5K8WkdEiInCHldbRUACCaW1E6cfwDQqqBkrjeC37LcEdwHWu0YmPoilHtSL73_YQdIL1PuZa5iVFztn2ixx_Tdpmz1T_I8AskbYLW-TXApGUGzCSziyVx16G2s0fCijo1Wyg_0dI0cXp0R\/w640-h630\/Capturar.JPG\" alt=\"\"\/><\/figure>\n\n\n\n<figure class=\"wp-block-image size-large\"><img decoding=\"async\" src=\"https:\/\/blogger.googleusercontent.com\/img\/b\/R29vZ2xl\/AVvXsEjx_9MqR1IqTAXp3IggVDw8wfZR-mkwtE4FtW_0EL4skc1vkdlAO2lRNoLp3DpnhpLmq3CHZQy32ejxmjC-zRGCRBlUwRvaBhkpHgYa5K_NMcHLWlHtHH2BKAnanspGxlA6b4okQ_RW0N4cosrGbcnk2aGgR7LOF5pQw6Bladi5zptMBP0-9YrZNXfS05S6\/w640-h632\/Capturarb.JPG\" alt=\"\"\/><\/figure>\n\n\n<div class=\"separator\">Outra vez marcando presen\u00e7a em nosso Toque Musical, Eduardo Assad em mais um dos muitos lps que gravou. Aqui temos ele com as cantoras Ren\u00e9e e Ederly, as suas novas menestr\u00e9is, que d\u00e3o um ar mais pop a essa produ\u00e7\u00e3o. Disco lan\u00e7ado em 1984 pelo selo Copacabana.<\/div>\n<div class=\"separator\">\u00a0<\/div>\n<div class=\"separator\">miguel de deus<\/div>\n<div class=\"separator\">break de amor<\/div>\n<div class=\"separator\">swan lake<\/div>\n<div class=\"separator\">concerto pour une voix<\/div>\n<div class=\"separator\">feelings<\/div>\n<div class=\"separator\">tema das bonecas<\/div>\n<div class=\"separator\">love is blue<\/div>\n<div class=\"separator\">i like chopin<\/div>\n<div class=\"separator\">piano<\/div>\n<div class=\"separator\">funk samba<\/div>\n<div class=\"separator\">polonaise a-dur<\/div>\n<div class=\"separator\">\u00a0<\/div>\n<div class=\"separator\">\u00a0<\/div>\n<div class=\"separator\">.\u00a0<\/div>","protected":false},"excerpt":{"rendered":"<p>Outra vez marcando presen\u00e7a em nosso Toque Musical, Eduardo Assad em mais um dos muitos lps que gravou. Aqui temos ele com as cantoras Ren\u00e9e e Ederly, as suas novas menestr\u00e9is, que d\u00e3o um ar mais pop a essa produ\u00e7\u00e3o. &hellip; <a href=\"https:\/\/www.toque-musicall.com\/?p=10431\">Continue lendo <span class=\"meta-nav\">&rarr;<\/span><\/a><\/p>\n","protected":false},"author":1,"featured_media":0,"comment_status":"closed","ping_status":"closed","sticky":false,"template":"","format":"standard","meta":{"footnotes":""},"categories":[1],"tags":[3147,3108],"class_list":["post-10431","post","type-post","status-publish","format-standard","hentry","category-sem-categoria","tag-eduardo-assad","tag-selo-copacabana"],"_links":{"self":[{"href":"https:\/\/www.toque-musicall.com\/index.php?rest_route=\/wp\/v2\/posts\/10431","targetHints":{"allow":["GET"]}}],"collection":[{"href":"https:\/\/www.toque-musicall.com\/index.php?rest_route=\/wp\/v2\/posts"}],"about":[{"href":"https:\/\/www.toque-musicall.com\/index.php?rest_route=\/wp\/v2\/types\/post"}],"author":[{"embeddable":true,"href":"https:\/\/www.toque-musicall.com\/index.php?rest_route=\/wp\/v2\/users\/1"}],"replies":[{"embeddable":true,"href":"https:\/\/www.toque-musicall.com\/index.php?rest_route=%2Fwp%2Fv2%2Fcomments&post=10431"}],"version-history":[{"count":1,"href":"https:\/\/www.toque-musicall.com\/index.php?rest_route=\/wp\/v2\/posts\/10431\/revisions"}],"predecessor-version":[{"id":10432,"href":"https:\/\/www.toque-musicall.com\/index.php?rest_route=\/wp\/v2\/posts\/10431\/revisions\/10432"}],"wp:attachment":[{"href":"https:\/\/www.toque-musicall.com\/index.php?rest_route=%2Fwp%2Fv2%2Fmedia&parent=10431"}],"wp:term":[{"taxonomy":"category","embeddable":true,"href":"https:\/\/www.toque-musicall.com\/index.php?rest_route=%2Fwp%2Fv2%2Fcategories&post=10431"},{"taxonomy":"post_tag","embeddable":true,"href":"https:\/\/www.toque-musicall.com\/index.php?rest_route=%2Fwp%2Fv2%2Ftags&post=10431"}],"curies":[{"name":"wp","href":"https:\/\/api.w.org\/{rel}","templated":true}]}}