{"id":10445,"date":"2024-05-08T13:21:59","date_gmt":"2024-05-08T16:21:59","guid":{"rendered":"https:\/\/www.toque-musicall.com\/?p=10445"},"modified":"2024-06-09T19:10:01","modified_gmt":"2024-06-09T22:10:01","slug":"victor-biblione-1986","status":"publish","type":"post","link":"https:\/\/www.toque-musicall.com\/?p=10445","title":{"rendered":"Victor Biglione (1986)"},"content":{"rendered":"\n<figure class=\"wp-block-image size-large\"><img decoding=\"async\" src=\"https:\/\/blogger.googleusercontent.com\/img\/b\/R29vZ2xl\/AVvXsEhFZN18B4m5KUGmDorw-wXV52gbkv1oJ7VyQ7HExyWR_llM6BHL4x4K8IIy3Odrz44hpvsTq31ndjA3vQwZiskpHoX5_597p9TQ8qqD6OgmKpzVLVRvFjjCmafSIi0nqPw-XHFOFlfOWLqV2MveHnDC6c6WA2L8WWfRF4dj-Bgy__dezWgNCN477xhfoZ8P\/w640-h640\/capa.jpg\" alt=\"\"\/><\/figure>\n\n\n\n<figure class=\"wp-block-image size-large\"><img decoding=\"async\" src=\"https:\/\/blogger.googleusercontent.com\/img\/b\/R29vZ2xl\/AVvXsEhaRpbU7IFd-gXQfDSy39zYbYnrT-g862gDkDN08ZkzsU4sY1qSEuw_QkJUaqqcPTiM16sGOLUBcuV-Pc7nM-3ef1nVJtzlN_SKX2pXr3962IXapH2Q1DenUKA4RpcLRVLfUDM3TngkrkOpK2rJVj2MwS-PhPs4xJvZqNLR2ICAvP8NpWWweqVzxHENBrqF\/w622-h640\/contracapa.jpg\" alt=\"\"\/><\/figure>\n\n\n<div class=\"separator\">Hoje vamos de m\u00fasica instrumental, trazendo o guitarrista argentino, radicado no Brasil, Victor Biblione. Este foi seu primeiro lp, gravado em 1985 e lan\u00e7ado pelo selo Elektra Musician em 86. Trabalho autoral e instrumental muito bem produzido. Victor vem ainda acompanhado de um grupo de m\u00fasicos da melhor qualidade, o que garante a este lp ser um trabalho excepcional, que merece ser ouvido com aten\u00e7\u00e3o.<\/div>\n<div class=\"separator\">\u00a0<\/div>\n<div class=\"separator\">piramide<\/div>\n<div class=\"separator\">jeane<\/div>\n<div class=\"separator\">via a\u00e9rea<\/div>\n<div class=\"separator\">piramide II<\/div>\n<div class=\"separator\">floresta negra<\/div>\n<div class=\"separator\">ca\u00e7a n\u00edquel<\/div>\n<div class=\"separator\">back bay<\/div>\n<div class=\"separator\">\u00a0<\/div>\n<div class=\"separator\">\u00a0<\/div>\n<div class=\"separator\">.<\/div>","protected":false},"excerpt":{"rendered":"<p>Hoje vamos de m\u00fasica instrumental, trazendo o guitarrista argentino, radicado no Brasil, Victor Biblione. Este foi seu primeiro lp, gravado em 1985 e lan\u00e7ado pelo selo Elektra Musician em 86. Trabalho autoral e instrumental muito bem produzido. Victor vem ainda &hellip; <a href=\"https:\/\/www.toque-musicall.com\/?p=10445\">Continue lendo <span class=\"meta-nav\">&rarr;<\/span><\/a><\/p>\n","protected":false},"author":1,"featured_media":0,"comment_status":"closed","ping_status":"closed","sticky":false,"template":"","format":"standard","meta":{"footnotes":""},"categories":[1],"tags":[5674,5673],"class_list":["post-10445","post","type-post","status-publish","format-standard","hentry","category-sem-categoria","tag-selo-elektra-musician","tag-victor-biglione"],"_links":{"self":[{"href":"https:\/\/www.toque-musicall.com\/index.php?rest_route=\/wp\/v2\/posts\/10445","targetHints":{"allow":["GET"]}}],"collection":[{"href":"https:\/\/www.toque-musicall.com\/index.php?rest_route=\/wp\/v2\/posts"}],"about":[{"href":"https:\/\/www.toque-musicall.com\/index.php?rest_route=\/wp\/v2\/types\/post"}],"author":[{"embeddable":true,"href":"https:\/\/www.toque-musicall.com\/index.php?rest_route=\/wp\/v2\/users\/1"}],"replies":[{"embeddable":true,"href":"https:\/\/www.toque-musicall.com\/index.php?rest_route=%2Fwp%2Fv2%2Fcomments&post=10445"}],"version-history":[{"count":2,"href":"https:\/\/www.toque-musicall.com\/index.php?rest_route=\/wp\/v2\/posts\/10445\/revisions"}],"predecessor-version":[{"id":10447,"href":"https:\/\/www.toque-musicall.com\/index.php?rest_route=\/wp\/v2\/posts\/10445\/revisions\/10447"}],"wp:attachment":[{"href":"https:\/\/www.toque-musicall.com\/index.php?rest_route=%2Fwp%2Fv2%2Fmedia&parent=10445"}],"wp:term":[{"taxonomy":"category","embeddable":true,"href":"https:\/\/www.toque-musicall.com\/index.php?rest_route=%2Fwp%2Fv2%2Fcategories&post=10445"},{"taxonomy":"post_tag","embeddable":true,"href":"https:\/\/www.toque-musicall.com\/index.php?rest_route=%2Fwp%2Fv2%2Ftags&post=10445"}],"curies":[{"name":"wp","href":"https:\/\/api.w.org\/{rel}","templated":true}]}}