{"id":10452,"date":"2024-05-12T21:14:42","date_gmt":"2024-05-13T00:14:42","guid":{"rendered":"https:\/\/www.toque-musicall.com\/?p=10452"},"modified":"2024-06-13T19:27:52","modified_gmt":"2024-06-13T22:27:52","slug":"brasil-bi-campeao-1962","status":"publish","type":"post","link":"https:\/\/www.toque-musicall.com\/?p=10452","title":{"rendered":"Brasil Bi Campe\u00e3o (1962)"},"content":{"rendered":"\n<figure class=\"wp-block-image size-large\"><img decoding=\"async\" src=\"https:\/\/blogger.googleusercontent.com\/img\/b\/R29vZ2xl\/AVvXsEhWEvJVyJeeTca_II95TzPH5jradq-d4_HjDC9QPNhyrzJIgpFsWiaH6e-ipeGaeJDPXs_CTaIsDcw8HqjfWoTPwgeT_hqfMZdqzaEU-dFO73U4HKOQgXaIu8VN0rJ7PPgM7adV44qWdjDhQSXXXon6tdpAbPV_jxWoMLCjPM5LYtlQH5hQtUcRBXem9xGa\/w640-h636\/Capturar.JPG\" alt=\"\"\/><\/figure>\n\n\n\n<figure class=\"wp-block-image size-large\"><img decoding=\"async\" src=\"https:\/\/blogger.googleusercontent.com\/img\/b\/R29vZ2xl\/AVvXsEgcBIfdAXg61XAhO_8kbbUGneDp4zue9UqBi230WIPKs6U8ooalyh342WJ6J1TzJvHNnuhlUkmjxJXzN7hBlGF9rozWAn-qzhAGEsCgEBU3r8Rbd3KbQ72KXr_WksCMyD4sfK8ALGU1Kxqkynv84klBp3F09bjbPpNjR-Edijy27aDoPV2Ge6T9VwEUx98q\/w634-h640\/Capturarb.JPG\" alt=\"\"\/><\/figure>\n\n\n<div class=\"separator\">Outro disco curioso e interessante sobre copa do mundo. Desta vez temos uma edi\u00e7\u00e3o do selo Copacabana sobre a Copa do Mundo de 1962, no Chile, quando ent\u00e3o o time do Brasil faturou o bi- campeonato, levantando a lend\u00e1ria ta\u00e7a Jules Rimet. No disco temos registros das narra\u00e7\u00f5es transmitida pela R\u00e1dio Panamericana e tamb\u00e9m a marcha de Oswaldo Rodrigues, &#8220;Parab\u00e9ns Bi-Campe\u00f5es&#8221;.Para quem gosta de futebol e de boas recorda\u00e7\u00f5es, eis a\u00ed um raro momento. Confiram&#8230;<\/div>\n<div class=\"separator\">\u00a0<\/div>\n\n\n<p>parab\u00e9ns bi-campe\u00f5es &#8211; oswaldo rodrigues<\/p>\n","protected":false},"excerpt":{"rendered":"<p>Outro disco curioso e interessante sobre copa do mundo. Desta vez temos uma edi\u00e7\u00e3o do selo Copacabana sobre a Copa do Mundo de 1962, no Chile, quando ent\u00e3o o time do Brasil faturou o bi- campeonato, levantando a lend\u00e1ria ta\u00e7a &hellip; <a href=\"https:\/\/www.toque-musicall.com\/?p=10452\">Continue lendo <span class=\"meta-nav\">&rarr;<\/span><\/a><\/p>\n","protected":false},"author":1,"featured_media":0,"comment_status":"closed","ping_status":"closed","sticky":false,"template":"","format":"standard","meta":{"footnotes":""},"categories":[1],"tags":[5677,3108],"class_list":["post-10452","post","type-post","status-publish","format-standard","hentry","category-sem-categoria","tag-brasil-bi-campeao","tag-selo-copacabana"],"_links":{"self":[{"href":"https:\/\/www.toque-musicall.com\/index.php?rest_route=\/wp\/v2\/posts\/10452","targetHints":{"allow":["GET"]}}],"collection":[{"href":"https:\/\/www.toque-musicall.com\/index.php?rest_route=\/wp\/v2\/posts"}],"about":[{"href":"https:\/\/www.toque-musicall.com\/index.php?rest_route=\/wp\/v2\/types\/post"}],"author":[{"embeddable":true,"href":"https:\/\/www.toque-musicall.com\/index.php?rest_route=\/wp\/v2\/users\/1"}],"replies":[{"embeddable":true,"href":"https:\/\/www.toque-musicall.com\/index.php?rest_route=%2Fwp%2Fv2%2Fcomments&post=10452"}],"version-history":[{"count":1,"href":"https:\/\/www.toque-musicall.com\/index.php?rest_route=\/wp\/v2\/posts\/10452\/revisions"}],"predecessor-version":[{"id":10453,"href":"https:\/\/www.toque-musicall.com\/index.php?rest_route=\/wp\/v2\/posts\/10452\/revisions\/10453"}],"wp:attachment":[{"href":"https:\/\/www.toque-musicall.com\/index.php?rest_route=%2Fwp%2Fv2%2Fmedia&parent=10452"}],"wp:term":[{"taxonomy":"category","embeddable":true,"href":"https:\/\/www.toque-musicall.com\/index.php?rest_route=%2Fwp%2Fv2%2Fcategories&post=10452"},{"taxonomy":"post_tag","embeddable":true,"href":"https:\/\/www.toque-musicall.com\/index.php?rest_route=%2Fwp%2Fv2%2Ftags&post=10452"}],"curies":[{"name":"wp","href":"https:\/\/api.w.org\/{rel}","templated":true}]}}