{"id":10454,"date":"2024-05-13T19:22:46","date_gmt":"2024-05-13T22:22:46","guid":{"rendered":"https:\/\/www.toque-musicall.com\/?p=10454"},"modified":"2024-06-13T19:26:05","modified_gmt":"2024-06-13T22:26:05","slug":"paulo-claudio-e-mauricio-1972","status":"publish","type":"post","link":"https:\/\/www.toque-musicall.com\/?p=10454","title":{"rendered":"Paulo, Cl\u00e1udio E Maur\u00edcio (1972)"},"content":{"rendered":"\n<figure class=\"wp-block-image size-large\"><img decoding=\"async\" src=\"https:\/\/blogger.googleusercontent.com\/img\/b\/R29vZ2xl\/AVvXsEgycnZTti85ynMqCAGkR6XIvOVXCqIf7D1rgIrrXMc_XgkiASIwgL9m5c-xwTmUvHIRYbC8-3slgvUzYA18DrXMzxH5FFnw1XC7J-yik0wg04Fc64fDxHmdMehDZttbXNk46lW6oe0fH6BEZ6ZToCU3kS01_FwVQUCef_HahROjj8LHi6jUnhZuFUynwUY8\/w638-h640\/capture%20F.JPG\" alt=\"\"\/><\/figure>\n\n\n\n<figure class=\"wp-block-image size-large\"><img decoding=\"async\" src=\"https:\/\/blogger.googleusercontent.com\/img\/b\/R29vZ2xl\/AVvXsEjtN14wAMpW__PG84d-_ad4090UrLUY4jmVrgVxVsznQYCzBgzMrXqD2apD3FYF97r76OWYlGCswwduU7aoQv1JFnJZjmvhx1XHiP8pIWnL5p5fAS8j6gF_o9qfG5wbU2rB5fVHWrjyK_sSDUxwb2TDIsJOAG-3esTk2Cx3pjYpG-CX-4UkSDhuTzCM056M\/w640-h636\/Capturar.JPG\" alt=\"\"\/><\/figure>\n\n\n<div class=\"separator\">No balaio das diversidades, temos desta vez um raro disquinho de rock, de 7 polegadas que vamos postando antes que caia no esquecimento e mais uma vez v\u00e1 ficando&#8230; Aqui um compacto duplo lan\u00e7ado em 1972 pela Odeon, com produ\u00e7\u00e3o de Marcos Valle. Trata-se do trio formado pelos irm\u00e3o g\u00eameos Paulo (voz e flauta) e Claudio Guimar\u00e3es (guitarra e voz) e Maur\u00edcio Maestro (baixo e voz). O trio fazia um misto de mpb com rock progressivo, algo bem parecido com A Barca do Sol. Fizeram um relativo sucesso na cena do rock carioca a ponto de serem escolhidos para abrirem o show do Ravi Shankar, no Rio e SP, em sua primeira vinda ao Brasil.<\/div>\n<div class=\"separator\">Eles gravaram apenas este compacto, com quatro m\u00fasicas autorais. Participa tamb\u00e9m o baterista Gustavo Schroeter (Bolha, Cor do Som). O disquinho tem cheiro de uma pr\u00e9via para um lp, mas por alguma raz\u00e3o n\u00e3o vingou&#8230;<\/div>\n<div class=\"separator\">\u00a0<\/div>\n<div class=\"separator\">gato no telhado<\/div>\n<div class=\"separator\">pudim<\/div>\n<div class=\"separator\">morais acad\u00eamicas<\/div>\n<div class=\"separator\">acordar acender<\/div>\n<div class=\"separator\">\u00a0<\/div>\n<div class=\"separator\">\u00a0<\/div>","protected":false},"excerpt":{"rendered":"<p>No balaio das diversidades, temos desta vez um raro disquinho de rock, de 7 polegadas que vamos postando antes que caia no esquecimento e mais uma vez v\u00e1 ficando&#8230; Aqui um compacto duplo lan\u00e7ado em 1972 pela Odeon, com produ\u00e7\u00e3o &hellip; <a href=\"https:\/\/www.toque-musicall.com\/?p=10454\">Continue lendo <span class=\"meta-nav\">&rarr;<\/span><\/a><\/p>\n","protected":false},"author":1,"featured_media":0,"comment_status":"closed","ping_status":"closed","sticky":false,"template":"","format":"standard","meta":{"footnotes":""},"categories":[1],"tags":[5679,5678,3153],"class_list":["post-10454","post","type-post","status-publish","format-standard","hentry","category-sem-categoria","tag-compacto","tag-paulo-claudio-e-mauricio","tag-selo-odeon"],"_links":{"self":[{"href":"https:\/\/www.toque-musicall.com\/index.php?rest_route=\/wp\/v2\/posts\/10454","targetHints":{"allow":["GET"]}}],"collection":[{"href":"https:\/\/www.toque-musicall.com\/index.php?rest_route=\/wp\/v2\/posts"}],"about":[{"href":"https:\/\/www.toque-musicall.com\/index.php?rest_route=\/wp\/v2\/types\/post"}],"author":[{"embeddable":true,"href":"https:\/\/www.toque-musicall.com\/index.php?rest_route=\/wp\/v2\/users\/1"}],"replies":[{"embeddable":true,"href":"https:\/\/www.toque-musicall.com\/index.php?rest_route=%2Fwp%2Fv2%2Fcomments&post=10454"}],"version-history":[{"count":1,"href":"https:\/\/www.toque-musicall.com\/index.php?rest_route=\/wp\/v2\/posts\/10454\/revisions"}],"predecessor-version":[{"id":10455,"href":"https:\/\/www.toque-musicall.com\/index.php?rest_route=\/wp\/v2\/posts\/10454\/revisions\/10455"}],"wp:attachment":[{"href":"https:\/\/www.toque-musicall.com\/index.php?rest_route=%2Fwp%2Fv2%2Fmedia&parent=10454"}],"wp:term":[{"taxonomy":"category","embeddable":true,"href":"https:\/\/www.toque-musicall.com\/index.php?rest_route=%2Fwp%2Fv2%2Fcategories&post=10454"},{"taxonomy":"post_tag","embeddable":true,"href":"https:\/\/www.toque-musicall.com\/index.php?rest_route=%2Fwp%2Fv2%2Ftags&post=10454"}],"curies":[{"name":"wp","href":"https:\/\/api.w.org\/{rel}","templated":true}]}}