{"id":10457,"date":"2024-05-11T19:28:35","date_gmt":"2024-05-11T22:28:35","guid":{"rendered":"https:\/\/www.toque-musicall.com\/?p=10457"},"modified":"2024-06-13T19:32:09","modified_gmt":"2024-06-13T22:32:09","slug":"sitio-do-picapau-amarelo-1976","status":"publish","type":"post","link":"https:\/\/www.toque-musicall.com\/?p=10457","title":{"rendered":"S\u00edtio do Picapau Amarelo (1976)"},"content":{"rendered":"\n<figure class=\"wp-block-image size-large\"><img decoding=\"async\" src=\"https:\/\/blogger.googleusercontent.com\/img\/b\/R29vZ2xl\/AVvXsEjiCiDKq-z1LTLSKPBr8bZMSGzsRdrxiWMV1DZHA3hirPD-PDcAtXhBB8Dtxws5uJaoIhTekitlvs7U9SDIVdHyOkkkM-OBhBu-QcFtMN_dZcArE7tyMShmwzX1SdQqubUW2GPs-1HOUrBZehUOzGDOmslNFCYgod00Z2fNRPkxhNK2vqWetuMVUS6B_EHf\/w636-h640\/Capturar.JPG\" alt=\"\"\/><\/figure>\n\n\n\n<figure class=\"wp-block-image size-large\"><img decoding=\"async\" src=\"https:\/\/blogger.googleusercontent.com\/img\/b\/R29vZ2xl\/AVvXsEg-MlMWRF32tJfNYclN95aS0wbVstTtdfwRtbtx2l1HUPstZjdVVTIVmDkd_rCFVYukCbjqMOOnr4jv57Tzw9SAG4mzVnOAU9fEJZVcRG4ocblPcQfglCqwjCq1MDhFDEuFGHGjML4BA-Fl6dhD-_VEdjR3nt5z65VEoKc5kgzNRGDWO9NWGPFOZBUg64hO\/w638-h640\/Capturarb.JPG\" alt=\"\"\/><\/figure>\n\n\n<div class=\"article-content entry-content\">\n<div class=\"separator\">Hoje, um disquinho infantil, mas que ir\u00e1 despertar interesse tamb\u00e9m nos adultos. Temos neste lp uma s\u00e9rie de melodias dedicadas ao S\u00edtio do Picapau Amarelo. S\u00e3o m\u00fasicas criadas por Theot\u00f4nio Pav\u00e3o e seus filhos, Albert e Meire para os personagens da hist\u00f3ria de Monteiro Lobato.\u00a0<\/div>\n<div class=\"separator\">\n<p><i>&#8220;Theotonio Pav\u00e3o nasceu em Prat\u00e2nia, interior de S\u00e3o Paulo em 27 de abril de 1915. Artista completo, ele foi compositor, folclorista, m\u00fasico, poeta e jornalista. Escrevia nas revistas \u201cS\u00e3o Paulo na TV\u201d e \u201dRadiol\u00e2ndia\u201d e foi um dos criadores do Trof\u00e9u Imprensa em 1960, juntamente com Antonio Brusco e Placido Manaia Nunes. Quando jovem estudou contabilidade e dava aulas de viol\u00e3o, cantava e compunha m\u00fasicas sertanejas e folcl\u00f3ricas. Isso o levou ao meio art\u00edstico. O primeiro momento foi trabalhando na Bauru R\u00e1dio Clube, em Bauru-SP. Casou-se no in\u00edcio dos anos 40 e precisou trabalhar com vendas pois nessa \u00e9poca ganhava-se muito pouco numa carreira art\u00edstica. At\u00e9 1955 foi gerente de vendas da Martini &amp; Rossi no Rio de Janeiro. Com Clarinda, o casal teve dois filhos, Albert e Meire. Em 1956, a fam\u00edlia mudou-se para S\u00e3o Paulo e Theot\u00f4nio voltou a dar suas aulas de viol\u00e3o. A explos\u00e3o da bossa nova aumentou sua clientela. Todos os jovens queriam aprender a dedilhar umas cordas e surgiu uma celebridade no meio, o Professor Pav\u00e3o. Ganhou prest\u00edgio no meio art\u00edstico e foi convidado a gravar seu primeiro disco em 1958, pela gravadora Calif\u00f3rnia. Era um 78 rota\u00e7\u00f5es com dois solos de viol\u00e3o. Nessa \u00e9poca, ele lan\u00e7ou seu m\u00e9todo de aprendizado, onde verbalizou suas aulas que lhe deram fama. O livro \u201cViol\u00e3o sem Mestre\u201d, da editora Fermata, tornou-se um cl\u00e1ssico. Para divulgar o produto ele criou um grupo de alunas chamado Garotas Violonistas, que tinha a filha Meire e a cantora Regiane, um destaque do elenco da gravadora Young, como integrantes. Em 1960, as garotas gravaram um disco em Buenos Aires, para onde foram apenas a passeio. Logo Theot\u00f4nio foi para a tv. Na Tupi realizou o programa O VIOL\u00c3O \u00c9 O PERSONAGEM. O seu grupo Garotas Violonistas virou um quarteto, o Conjunto Alvorada, gravando discos e se apresentando principalmente no sul do Brasil, Argentina e Uruguai. O grupo se firmou e ganhou um programa na TV Record aos s\u00e1bados, chamado CLUBE DO VIOL\u00c3O GIANNINI. Tamb\u00e9m fizeram outro, em Curitiba-PR, aos domingos. Em 1964, o Conjunto Alvorada acabou e a filha Meire Pav\u00e3o partiu para a carreira solo. Theot\u00f4nio passou a dar uma aten\u00e7\u00e3o especial a ela. E tamb\u00e9m a carreira do filho, Albert Pav\u00e3o, que se lan\u00e7ou como cantor. Em 1965, tornou-se pioneiro na cria\u00e7\u00e3o de temas para telenovelas compondo \u201cBalada para uma Deusa Menina\u201d, gravada por Hugo Santana para a novela \u201cA Deusa Vencida\u201d, da Excelsior. Passada a onda da Jovem Guarda, j\u00e1 nos anos 70, o professor Pav\u00e3o se dedicou \u00e0s can\u00e7\u00f5es infantis. Nos anos 80 ele lan\u00e7ou o m\u00e9todo \u201cAprenda Viol\u00e3o com a Turma da M\u00f4nica\u201d. Em 82 Theot\u00f4nio teve um AVC. Restabelecido, resolveu se aposentar e passou a se dedicar ao estudo do tupi, sua nova paix\u00e3o, lan\u00e7ando o livro \u201cAbatij\u00e9\u201d, sobre a l\u00edngua ind\u00edgena. Foi homenageado, em 85, com o t\u00edtulo de \u201cCidad\u00e3o Paulistano\u201d da C\u00e2mara Municipal de S\u00e3o Paulo. Ap\u00f3s sofrer um novo AVC ele faleceu em S\u00e3o Paulo, aos 72 anos de idade, em 25 de fevereiro de 1988, tendo o corpo sido sepultado no Cemit\u00e9rio Getshemani, na capital paulista. Est\u00e1 homenageado com seu nome numa rua em S\u00e3o Paulo, na Zona Leste. Tamb\u00e9m tem rua com seu nome em Barra Bonita, para onde fez um hino. O professor Pav\u00e3o ser\u00e1 sempre lembrado como uma das figuras principais dos prim\u00f3rdios do rock no Brasil. Como professor de viol\u00e3o, folclorista, produtor, versionista e compositor. E por ser o l\u00edder de uma fam\u00edlia onde os filhos Albert e Meire Pav\u00e3o foram grandes destaques da m\u00fasica jovem dos anos 60.&#8221;<\/i><\/p>\n<\/div>\n<div class=\"separator\">monteiro lobato<\/div>\n<div class=\"separator\">dr. caramujo<\/div>\n<div class=\"separator\">pedrinho<\/div>\n<div class=\"separator\">principe escamado<\/div>\n<div class=\"separator\">o falso gato felix<\/div>\n<div class=\"separator\">conselheiro burro falante<\/div>\n<div class=\"separator\">vagem de dona benta<\/div>\n<div class=\"separator\">no reino das aguas claras<\/div>\n<div class=\"separator\">jeca tatuzinho<\/div>\n<div class=\"separator\">am\u00e9rico pisca pisca<\/div>\n<div class=\"separator\">casamento da em\u00edlia<\/div>\n<div class=\"separator\">s\u00edtio do picapau amarelo<\/div>\n<div class=\"separator\">\u00a0<\/div>\n<div class=\"separator\">\u00a0<\/div>\n<p>&nbsp;<\/p>\n<\/div>\n<div class=\"article-footer\">\u00a0<\/div>","protected":false},"excerpt":{"rendered":"<p>Hoje, um disquinho infantil, mas que ir\u00e1 despertar interesse tamb\u00e9m nos adultos. Temos neste lp uma s\u00e9rie de melodias dedicadas ao S\u00edtio do Picapau Amarelo. S\u00e3o m\u00fasicas criadas por Theot\u00f4nio Pav\u00e3o e seus filhos, Albert e Meire para os personagens &hellip; <a href=\"https:\/\/www.toque-musicall.com\/?p=10457\">Continue lendo <span class=\"meta-nav\">&rarr;<\/span><\/a><\/p>\n","protected":false},"author":1,"featured_media":0,"comment_status":"closed","ping_status":"closed","sticky":false,"template":"","format":"standard","meta":{"footnotes":""},"categories":[1],"tags":[5682,5680,5681],"class_list":["post-10457","post","type-post","status-publish","format-standard","hentry","category-sem-categoria","tag-selo-peralta","tag-sitio-do-picapau-amarelo","tag-theotonio-pavao"],"_links":{"self":[{"href":"https:\/\/www.toque-musicall.com\/index.php?rest_route=\/wp\/v2\/posts\/10457","targetHints":{"allow":["GET"]}}],"collection":[{"href":"https:\/\/www.toque-musicall.com\/index.php?rest_route=\/wp\/v2\/posts"}],"about":[{"href":"https:\/\/www.toque-musicall.com\/index.php?rest_route=\/wp\/v2\/types\/post"}],"author":[{"embeddable":true,"href":"https:\/\/www.toque-musicall.com\/index.php?rest_route=\/wp\/v2\/users\/1"}],"replies":[{"embeddable":true,"href":"https:\/\/www.toque-musicall.com\/index.php?rest_route=%2Fwp%2Fv2%2Fcomments&post=10457"}],"version-history":[{"count":1,"href":"https:\/\/www.toque-musicall.com\/index.php?rest_route=\/wp\/v2\/posts\/10457\/revisions"}],"predecessor-version":[{"id":10458,"href":"https:\/\/www.toque-musicall.com\/index.php?rest_route=\/wp\/v2\/posts\/10457\/revisions\/10458"}],"wp:attachment":[{"href":"https:\/\/www.toque-musicall.com\/index.php?rest_route=%2Fwp%2Fv2%2Fmedia&parent=10457"}],"wp:term":[{"taxonomy":"category","embeddable":true,"href":"https:\/\/www.toque-musicall.com\/index.php?rest_route=%2Fwp%2Fv2%2Fcategories&post=10457"},{"taxonomy":"post_tag","embeddable":true,"href":"https:\/\/www.toque-musicall.com\/index.php?rest_route=%2Fwp%2Fv2%2Ftags&post=10457"}],"curies":[{"name":"wp","href":"https:\/\/api.w.org\/{rel}","templated":true}]}}