{"id":10459,"date":"2024-05-14T18:25:47","date_gmt":"2024-05-14T21:25:47","guid":{"rendered":"https:\/\/www.toque-musicall.com\/?p=10459"},"modified":"2024-06-14T18:27:13","modified_gmt":"2024-06-14T21:27:13","slug":"hyldon-coracao-urbano-1986","status":"publish","type":"post","link":"https:\/\/www.toque-musicall.com\/?p=10459","title":{"rendered":"Hyldon &#8211; Cora\u00e7\u00e3o Urbano (1986)\u00a0"},"content":{"rendered":"\n<figure class=\"wp-block-image size-large\"><img decoding=\"async\" src=\"https:\/\/blogger.googleusercontent.com\/img\/b\/R29vZ2xl\/AVvXsEgEZ57ntmJ5xO6ZuSt0TErSDp0wFduGSZeenqckysMdJmTjascXB0plOg0iZxBk-OzVpxuvfCUcqRX6x9i2AEFDzPITKk1CcA8Ue5JEmGqbkWMKSc7XzdAvGnGL-4qD1U4J3hPnIEMKuDsNMJhhnkPwvO5oCnoJwIsqM-JFymN_Y-koTxRDjbpu2j_GLXT1\/w640-h636\/capa.JPG\" alt=\"\"\/><\/figure>\n\n\n\n<figure class=\"wp-block-image size-large\"><img decoding=\"async\" src=\"https:\/\/blogger.googleusercontent.com\/img\/b\/R29vZ2xl\/AVvXsEi8p_T6prDomsOePX48Sle4jQCYy3y9NAljMdae8pH2L3_BBPnjj8seLtFY4V_gHmuW0MvZJ8CSpdehpNJMfEq93NrURd9FQ7S7L22m5UkUMbbPyV_hAlkpDGxWuNLqZ5I6LscSzdGHvGW9S0BFCgz2bM6wJwUmrcFkCppv79YfSAhe_zOsInd74knaQRpR\/w638-h640\/contra.JPG\" alt=\"\"\/><\/figure>\n\n\n<div class=\"separator\">Seguimos trazendo mais uma vez o cantor, compositor e produtor Hyldon. J\u00e1 tivemos a oportunidade de apresentar aqui um outro disco dele, tamb\u00e9m dos anos 80. Por certo n\u00e3o se comparam com seu primeiro lp, &#8220;Na rua, na chuva, na fazenda&#8221;, mas n\u00e3o deixa de ser um trabalho da melhor qualidade e todo autoral, com participa\u00e7\u00e3o de um time de m\u00fasicos feras. O disco \u00e9 arranjado, produzido e dirigido pelo pr\u00f3prio Hyldon. &#8220;Cora\u00e7\u00e3o Urbano&#8221; foi lan\u00e7ado em 1986 pelo selo Recarey, do empres\u00e1rio espanhol\/carioca Chico Recarey.<\/div>\n<div class=\"separator\">\u00a0<\/div>\n<div class=\"separator\">parceiros<\/div>\n<div class=\"separator\">ouvi dizer<\/div>\n<div class=\"separator\">cora\u00e7\u00e3o urbano<\/div>\n<div class=\"separator\">metropole<\/div>\n<div class=\"separator\">novas emo\u00e7\u00f5es<\/div>\n<div class=\"separator\">cara metade<\/div>\n<div class=\"separator\">l\u00e1grimas perdidas<\/div>\n<div class=\"separator\">frutos e frutas<\/div>\n<div class=\"separator\">uma hist\u00f3ria de amor<\/div>\n<div class=\"separator\">\u00a0<\/div>\n<div class=\"separator\">\u00a0<\/div>\n<div class=\"separator\">.<\/div>","protected":false},"excerpt":{"rendered":"<p>Seguimos trazendo mais uma vez o cantor, compositor e produtor Hyldon. J\u00e1 tivemos a oportunidade de apresentar aqui um outro disco dele, tamb\u00e9m dos anos 80. Por certo n\u00e3o se comparam com seu primeiro lp, &#8220;Na rua, na chuva, na &hellip; <a href=\"https:\/\/www.toque-musicall.com\/?p=10459\">Continue lendo <span class=\"meta-nav\">&rarr;<\/span><\/a><\/p>\n","protected":false},"author":1,"featured_media":0,"comment_status":"closed","ping_status":"closed","sticky":false,"template":"","format":"standard","meta":{"footnotes":""},"categories":[1],"tags":[5683,5684],"class_list":["post-10459","post","type-post","status-publish","format-standard","hentry","category-sem-categoria","tag-hyldon","tag-selo-recarey"],"_links":{"self":[{"href":"https:\/\/www.toque-musicall.com\/index.php?rest_route=\/wp\/v2\/posts\/10459","targetHints":{"allow":["GET"]}}],"collection":[{"href":"https:\/\/www.toque-musicall.com\/index.php?rest_route=\/wp\/v2\/posts"}],"about":[{"href":"https:\/\/www.toque-musicall.com\/index.php?rest_route=\/wp\/v2\/types\/post"}],"author":[{"embeddable":true,"href":"https:\/\/www.toque-musicall.com\/index.php?rest_route=\/wp\/v2\/users\/1"}],"replies":[{"embeddable":true,"href":"https:\/\/www.toque-musicall.com\/index.php?rest_route=%2Fwp%2Fv2%2Fcomments&post=10459"}],"version-history":[{"count":1,"href":"https:\/\/www.toque-musicall.com\/index.php?rest_route=\/wp\/v2\/posts\/10459\/revisions"}],"predecessor-version":[{"id":10460,"href":"https:\/\/www.toque-musicall.com\/index.php?rest_route=\/wp\/v2\/posts\/10459\/revisions\/10460"}],"wp:attachment":[{"href":"https:\/\/www.toque-musicall.com\/index.php?rest_route=%2Fwp%2Fv2%2Fmedia&parent=10459"}],"wp:term":[{"taxonomy":"category","embeddable":true,"href":"https:\/\/www.toque-musicall.com\/index.php?rest_route=%2Fwp%2Fv2%2Fcategories&post=10459"},{"taxonomy":"post_tag","embeddable":true,"href":"https:\/\/www.toque-musicall.com\/index.php?rest_route=%2Fwp%2Fv2%2Ftags&post=10459"}],"curies":[{"name":"wp","href":"https:\/\/api.w.org\/{rel}","templated":true}]}}