{"id":1046,"date":"2009-10-24T08:40:00","date_gmt":"2009-10-24T08:40:00","guid":{"rendered":"http:\/\/www.toque-musicall.com\/?p=1046"},"modified":"2009-10-24T08:40:00","modified_gmt":"2009-10-24T08:40:00","slug":"compactos-diversos","status":"publish","type":"post","link":"https:\/\/www.toque-musicall.com\/?p=1046","title":{"rendered":"Compactos Diversos"},"content":{"rendered":"<p><a href=\"http:\/\/2.bp.blogspot.com\/_DSKVEvHtskc\/SuK-r4tqbRI\/AAAAAAAAFh0\/ZRJn8nugfoA\/s1600-h\/capa+P.JPG\"><img decoding=\"async\" style=\"display:block; margin:0px auto 10px; text-align:center;cursor:pointer; cursor:hand;width: 397px; height: 400px;\" src=\"http:\/\/2.bp.blogspot.com\/_DSKVEvHtskc\/SuK-r4tqbRI\/AAAAAAAAFh0\/ZRJn8nugfoA\/s400\/capa+P.JPG\" border=\"0\" alt=\"\" id=\"BLOGGER_PHOTO_ID_5396084964710837522\" \/><\/a>Bom dia a todos! Inicialmente eu gostaria de explicar a situa\u00e7\u00e3o de duas postagens que fiz nas \u00faltimas semanas. Me refiro aos discos de Orlando Silva e Francisco Alves pela <a href=\"http:\/\/www.collectors.com.br\/Leiloes\/CIR001.shtml\">Collector&#8217;s Editora<\/a>. Recebi uma solicita\u00e7\u00e3o desta editora pedindo para retirar os links dos dois discos. Eu at\u00e9 ent\u00e3o n\u00e3o sabia que os referidos discos ainda se encontram em cat\u00e1logo. Os discos ainda est\u00e3o em cat\u00e1logo e podem ser adquiridos atrav\u00e9s do <a href=\"http:\/\/www.collectors.com.br\/Leiloes\/CIR001.shtml\">site da Collector&#8217;s<\/a>. Foi uma surpresa saber disso, inclusive porque eu tenho interesse em completar a minha cole\u00e7\u00e3o. Os arquivos digitalizados s\u00e3o uma m\u00e3o na roda, mas nada substitui ao fetiche do objeto disco de vinil. Vou logo comprar os que faltam em minha cole\u00e7\u00e3o e aconselho a todos que fa\u00e7am o mesmo. Sei que muitos ir\u00e3o dizer a vitrola j\u00e1 n\u00e3o faz mais parte de suas vidas e que o melhor mesmo \u00e9 o mp3 ou semelhante. Para esses, eu aconselho tamb\u00e9m entrar no site ou enviar um e-mail aos donos da editora. Acredito que eles, al\u00e9m dos discos, devem estar vendendo as grava\u00e7\u00f5es digitalizada como fazem as gravadoras atualmente. Os pre\u00e7os n\u00e3o devem ser uma coisa muito absurda, mesmo considerando se tratar de um material t\u00e3o precioso. Diante a tudo isso, n\u00e3o faz sentido e eu nem quero manter as tais postagens com links. Pe\u00e7o publicamente desculpas ao Ricardo Manzo, respons\u00e1vel pela <a href=\"http:\/\/www.collectors.com.br\/Leiloes\/CIR001.shtml\">Collector&#8217;s Editora<\/a>, pelo inconveniente e s\u00f3 espero que esse fato tenha tamb\u00e9m um lado positivo, despertando a aten\u00e7\u00e3o e o interesse das pessoas pelo trabalho de resgate musical da editora. Para compensar, em breve teremos uma outra s\u00e9rie, t\u00e3o rara e interessante quanto a da Collector&#8217;s Editora.<\/p>\n<div>Hoje estamos chegando ao final de nossa mostra de compactos. Sei que muita gente tem gostado e eu tamb\u00e9m, mas o Toque Musical n\u00e3o fica s\u00f3 numa faixa. H\u00e1 tempos venho recebendo e-mails da mo\u00e7ada mais jovem e roqueira pedindo a vez. T\u00e1 na hora de virar o disco. Assim, na pr\u00f3xima semana, a tem\u00e1tica vai ser o rock&#8217;n&#8217;roll ou coisa parecida.<\/div>\n<div>Vamos seguindo em frente com mais seis compactos raros, todos da primeira gera\u00e7\u00e3o dos disquinhos lan\u00e7ados no Brasil. Temos aqui um Altamiro Carrilho e Sua Bandinha, interpretando um repert\u00f3rio com cl\u00e1ssico de toda banda t\u00edpica de coretos, tradi\u00e7\u00e3o que hoje em dia s\u00f3 comum em cidades do interior. Seguindo, temos um compacto do selo Cantagalo trazendo uma marchinha carnavalesca, cantada por Alventino Cavalcante e um samba tamb\u00e9m carnavalesco na voz de Luizito. Eu n\u00e3o conhe\u00e7o esses artistas, mas achei o disco interessante \ud83d\ude42 Temos em outro disco a presen\u00e7a de Gilberto Alves interpretando o pioneiro Donga (e mais), num momento raro. Para dan\u00e7ar, seguimos com Paulinho e seu conjunto num quase &#8216;pot-pourri&#8217; dan\u00e7ante com tr\u00eas temas de sucesso de cada lado. Uma aut\u00eantica dupla de m\u00fasica sertaneja, Torres e Florencio, em um raro compacto lan\u00e7ado pela Chantecler, possivelmente no final dos anos 50. Finalizando, vamos com o Trio Surdina, ainda com Faf\u00e1 Lemos, interpretando quatro cl\u00e1ssicos do mestre Ary Barroso pelo selo Musidisc. Uma maravilha. Momentos raros que n\u00e3o voltam mais \ud83d\ude09<\/div>\n<div><\/div>\n<div style=\"text-align: center;\">Altamiro Carrilho e Sua Bandinha<\/div>\n<div style=\"text-align: center;\">saudades de mat\u00e3o<\/div>\n<div style=\"text-align: center;\">saudades de ouro preto<\/div>\n<div style=\"text-align: center;\">saudades de p\u00e1dua<\/div>\n<div style=\"text-align: center;\">\u00faltima inspira\u00e7\u00e3o<\/div>\n<div style=\"text-align: center;\">+<\/div>\n<div style=\"text-align: center;\">Alventino Calvalcante<\/div>\n<div style=\"text-align: center;\">casamento bossa nova<\/div>\n<div style=\"text-align: center;\">Luizito<\/div>\n<div style=\"text-align: center;\">amor, porque me faz sofrer<\/div>\n<div style=\"text-align: center;\">+<\/div>\n<div style=\"text-align: center;\">Gilberto Alves<\/div>\n<div style=\"text-align: center;\">pelo telefone<\/div>\n<div style=\"text-align: center;\">saudades de tatu\u00ed<\/div>\n<div style=\"text-align: center;\">+<\/div>\n<div style=\"text-align: center;\">Paulinho e Seu Conjunto<\/div>\n<div style=\"text-align: center;\">samba de teleco-teco<\/div>\n<div style=\"text-align: center;\">lobo bobo<\/div>\n<div style=\"text-align: center;\">a felicidade<\/div>\n<div style=\"text-align: center;\">petite fleur<\/div>\n<div style=\"text-align: center;\">quem \u00e9 <\/div>\n<div style=\"text-align: center;\">tom thumb&#8217;s tune<\/div>\n<div style=\"text-align: center;\">+<\/div>\n<div style=\"text-align: center;\">Torres &#038; Florencio<\/div>\n<div style=\"text-align: center;\">campo grande<\/div>\n<div style=\"text-align: center;\">cavalo zaino<\/div>\n<div style=\"text-align: center;\">moda da mula preta<\/div>\n<div style=\"text-align: center;\">pingo d&#8217;agua<\/div>\n<div style=\"text-align: center;\">+<\/div>\n<div style=\"text-align: center;\">Trio Surdina<\/div>\n<div style=\"text-align: center;\">rio de janeiro<\/div>\n<div style=\"text-align: center;\">bahia (na baixa do sapateiro)<\/div>\n<div style=\"text-align: center;\">aquarela do brasil<\/div>\n<div style=\"text-align: center;\">risque<\/div>\n<div style=\"text-align: center;\"><\/div>\n<div style=\"text-align: center;\"><\/div>\n","protected":false},"excerpt":{"rendered":"<p>Bom dia a todos! Inicialmente eu gostaria de explicar a situa\u00e7\u00e3o de duas postagens que fiz nas \u00faltimas semanas. Me refiro aos discos de Orlando Silva e Francisco Alves pela Collector&#8217;s Editora. Recebi uma solicita\u00e7\u00e3o desta editora pedindo para retirar &hellip; <a href=\"https:\/\/www.toque-musicall.com\/?p=1046\">Continue lendo <span class=\"meta-nav\">&rarr;<\/span><\/a><\/p>\n","protected":false},"author":1,"featured_media":0,"comment_status":"open","ping_status":"closed","sticky":false,"template":"","format":"standard","meta":{"footnotes":""},"categories":[213,1329,267,1328,183,1327,737],"tags":[],"class_list":["post-1046","post","type-post","status-publish","format-standard","hentry","category-altamiro-carrilho","category-alventino-cavalcante","category-gilberto-alves","category-luizito","category-paulinho-e-seu-conjunto","category-torres-e-florencio","category-trio-surdina"],"_links":{"self":[{"href":"https:\/\/www.toque-musicall.com\/index.php?rest_route=\/wp\/v2\/posts\/1046","targetHints":{"allow":["GET"]}}],"collection":[{"href":"https:\/\/www.toque-musicall.com\/index.php?rest_route=\/wp\/v2\/posts"}],"about":[{"href":"https:\/\/www.toque-musicall.com\/index.php?rest_route=\/wp\/v2\/types\/post"}],"author":[{"embeddable":true,"href":"https:\/\/www.toque-musicall.com\/index.php?rest_route=\/wp\/v2\/users\/1"}],"replies":[{"embeddable":true,"href":"https:\/\/www.toque-musicall.com\/index.php?rest_route=%2Fwp%2Fv2%2Fcomments&post=1046"}],"version-history":[{"count":0,"href":"https:\/\/www.toque-musicall.com\/index.php?rest_route=\/wp\/v2\/posts\/1046\/revisions"}],"wp:attachment":[{"href":"https:\/\/www.toque-musicall.com\/index.php?rest_route=%2Fwp%2Fv2%2Fmedia&parent=1046"}],"wp:term":[{"taxonomy":"category","embeddable":true,"href":"https:\/\/www.toque-musicall.com\/index.php?rest_route=%2Fwp%2Fv2%2Fcategories&post=1046"},{"taxonomy":"post_tag","embeddable":true,"href":"https:\/\/www.toque-musicall.com\/index.php?rest_route=%2Fwp%2Fv2%2Ftags&post=1046"}],"curies":[{"name":"wp","href":"https:\/\/api.w.org\/{rel}","templated":true}]}}