{"id":10468,"date":"2024-05-17T21:12:07","date_gmt":"2024-05-18T00:12:07","guid":{"rendered":"https:\/\/www.toque-musicall.com\/?p=10468"},"modified":"2024-06-16T21:14:12","modified_gmt":"2024-06-17T00:14:12","slug":"netinho-apartamento-97-1982","status":"publish","type":"post","link":"https:\/\/www.toque-musicall.com\/?p=10468","title":{"rendered":"Netinho &#8211; Apartamento 97 (1982)"},"content":{"rendered":"\n<figure class=\"wp-block-image size-large\"><img decoding=\"async\" src=\"https:\/\/blogger.googleusercontent.com\/img\/b\/R29vZ2xl\/AVvXsEjwRwgBXg2VhyphenhyphenVuNwJ3ch2ddGwl19wmN3u94TPaLv-fC4u-G0GjBgNag1_W0Ro9No67HW3EYVs9fvvctaOwwkKEoGpsjLkV4a2ovCcqMfBxHuuOuRjwv30Ew6sqkQ1FRn3zhPc2fOhgvIHVEWBjUCapVqFY5GFyAF7YxkYi9mbw5ZGAfZe6XNWIIGJdSMLy\/w640-h640\/Capturar.JPG\" alt=\"\"\/><\/figure>\n\n\n\n<figure class=\"wp-block-image size-large\"><img decoding=\"async\" src=\"https:\/\/blogger.googleusercontent.com\/img\/b\/R29vZ2xl\/AVvXsEijfULvCAJAtFK5nSM2SrANJma3SbD4QE8K1dZZXnSC-ZXtsj2YwsMpzJMjp5zdjavxk341b350R2PTOiSz66W7yh1XPplxamblVf5YcHhYG9c0fk5Pj-QCB3JuJEfQZ9zqihw_dVdQmUb1KWFG7NEXxokt_SKH2b_QQaSosavRLCNy5YQwtYujbvGr869v\/w640-h638\/Capturarb.JPG\" alt=\"\"\/><\/figure>\n\n\n<div class=\"separator\">H\u00e1 mais de uma d\u00e9cada atr\u00e1s postamos aqui no Toque Musical um disco solo do Netinho (Os Incr\u00edveis, Casa das M\u00e1quinas&#8230;), o &#8220;Amor e Caridade&#8221;, trabalho lan\u00e7ado pela RCA, disco realmente muito bom que a gente aqui n\u00e3o deu a devida aten\u00e7\u00e3o. Fizemos uma postagem t\u00e3o ruim que resolvemos refazer, ou repostar. E o que despertou tudo isso foi ter aparecido por aqui este outro disco, o &#8220;Apartamento 97&#8221;, que segundo informa na capa, seria o segundo volume do Projeto Amor e Caridade. Lan\u00e7ado em 1982, este segundo disco \u00e9 uma produ\u00e7\u00e3o para um selo independente, Manancial do Amor. Um lp bem produzido, com participa\u00e7\u00e3o de m\u00fasicos como Z\u00e9 Rodrix, Fa\u00edsca, Manito e outros feras. As m\u00fasicas autorais, s\u00e3o parceiras com uma m\u00e9dium chamada Mariinha, transcri\u00e7\u00f5es psicografadas. Um disco curioso, por\u00e9m n\u00e3o se compara ao primeiro. Por sinal, vamos post\u00e1-lo novamente em breve. Por hora, vamos com este, volume 2, ok?<\/div>\n<div class=\"separator\">\u00a0<\/div>\n<div class=\"separator\">milagre<\/div>\n<div class=\"separator\">abelha<\/div>\n<div class=\"separator\">m\u00e3os<\/div>\n<div class=\"separator\">m\u00e9dico<\/div>\n<div class=\"separator\">mariinha<\/div>\n<div class=\"separator\">du du du domingo\u00a0<\/div>\n<div class=\"separator\">m\u00e1quina divina<\/div>\n<div class=\"separator\">saudade<\/div>\n<div class=\"separator\">servir<\/div>\n<div class=\"separator\">semente<\/div>\n<div class=\"separator\">\u00a0<\/div>\n<div class=\"separator\">\u00a0<\/div>\n<div class=\"separator\">.<\/div>","protected":false},"excerpt":{"rendered":"<p>H\u00e1 mais de uma d\u00e9cada atr\u00e1s postamos aqui no Toque Musical um disco solo do Netinho (Os Incr\u00edveis, Casa das M\u00e1quinas&#8230;), o &#8220;Amor e Caridade&#8221;, trabalho lan\u00e7ado pela RCA, disco realmente muito bom que a gente aqui n\u00e3o deu a &hellip; <a href=\"https:\/\/www.toque-musicall.com\/?p=10468\">Continue lendo <span class=\"meta-nav\">&rarr;<\/span><\/a><\/p>\n","protected":false},"author":1,"featured_media":0,"comment_status":"closed","ping_status":"closed","sticky":false,"template":"","format":"standard","meta":{"footnotes":""},"categories":[1],"tags":[5687,5688],"class_list":["post-10468","post","type-post","status-publish","format-standard","hentry","category-sem-categoria","tag-netinho","tag-selo-manancial-de-amor"],"_links":{"self":[{"href":"https:\/\/www.toque-musicall.com\/index.php?rest_route=\/wp\/v2\/posts\/10468","targetHints":{"allow":["GET"]}}],"collection":[{"href":"https:\/\/www.toque-musicall.com\/index.php?rest_route=\/wp\/v2\/posts"}],"about":[{"href":"https:\/\/www.toque-musicall.com\/index.php?rest_route=\/wp\/v2\/types\/post"}],"author":[{"embeddable":true,"href":"https:\/\/www.toque-musicall.com\/index.php?rest_route=\/wp\/v2\/users\/1"}],"replies":[{"embeddable":true,"href":"https:\/\/www.toque-musicall.com\/index.php?rest_route=%2Fwp%2Fv2%2Fcomments&post=10468"}],"version-history":[{"count":1,"href":"https:\/\/www.toque-musicall.com\/index.php?rest_route=\/wp\/v2\/posts\/10468\/revisions"}],"predecessor-version":[{"id":10469,"href":"https:\/\/www.toque-musicall.com\/index.php?rest_route=\/wp\/v2\/posts\/10468\/revisions\/10469"}],"wp:attachment":[{"href":"https:\/\/www.toque-musicall.com\/index.php?rest_route=%2Fwp%2Fv2%2Fmedia&parent=10468"}],"wp:term":[{"taxonomy":"category","embeddable":true,"href":"https:\/\/www.toque-musicall.com\/index.php?rest_route=%2Fwp%2Fv2%2Fcategories&post=10468"},{"taxonomy":"post_tag","embeddable":true,"href":"https:\/\/www.toque-musicall.com\/index.php?rest_route=%2Fwp%2Fv2%2Ftags&post=10468"}],"curies":[{"name":"wp","href":"https:\/\/api.w.org\/{rel}","templated":true}]}}