{"id":1047,"date":"2009-10-23T07:54:00","date_gmt":"2009-10-23T07:54:00","guid":{"rendered":"http:\/\/www.toque-musicall.com\/?p=1047"},"modified":"2009-10-23T07:54:00","modified_gmt":"2009-10-23T07:54:00","slug":"francisco-alves-os-idolos-do-radio-vol-ii-1986","status":"publish","type":"post","link":"https:\/\/www.toque-musicall.com\/?p=1047","title":{"rendered":"Francisco Alves &#8211; Os \u00cddolos do Radio Vol. II (1986)"},"content":{"rendered":"<p><a href=\"http:\/\/1.bp.blogspot.com\/_DSKVEvHtskc\/SuFkojafB_I\/AAAAAAAAFho\/Uo4PmElza84\/s1600-h\/franciso+alves+P.JPG\"><img decoding=\"async\" style=\"display:block; margin:0px auto 10px; text-align:center;cursor:pointer; cursor:hand;width: 400px; height: 397px;\" src=\"http:\/\/1.bp.blogspot.com\/_DSKVEvHtskc\/SuFkojafB_I\/AAAAAAAAFho\/Uo4PmElza84\/s400\/franciso+alves+P.JPG\" border=\"0\" alt=\"\" id=\"BLOGGER_PHOTO_ID_5395704476430436338\" \/><\/a>Bom dia, amigos cultos e ocultos! Deus ajuda quem cedo madruga e hoje eu preciso correr, o trabalho me chama. Mas antes de sair, vou logo para a nossa postagem, pois eu n\u00e3o sei se terei tempo depois. E a\u00ed, voc\u00eas j\u00e1 ouviram a &#8216;web r\u00e1dio&#8217; <a href=\"http:\/\/armazemdasaudade.listen2myradio.com\/\">Armaz\u00e9m da Saudade<\/a>? Tenho certeza de que por l\u00e1 tamb\u00e9m est\u00e3o rolando os compactos que por aqui fazem tanto sucesso. <\/p>\n<div>Hoje \u00e9 sexta e vamos com o independente, mais um disco da Collector&#8217;s Editora, desta vez trazendo a figurinha, aqui j\u00e1 bem carimbada, mas sempre importante do grande Francisco Alves. Este disco ou esta cole\u00e7\u00e3o, talvez n\u00e3o seja exatamente uma produ\u00e7\u00e3o independente, mas pelo fato de trazer grava\u00e7\u00f5es raras, que nunca foram lan\u00e7adas comercialmente e pelo pr\u00f3prio sentido que levou os idealizadores a criarem, podemos entender o glorioso trabalho com algo fora do comum, uma produ\u00e7\u00e3o independente. Como j\u00e1 foi mencionado no primeiro volume postado aqui, o do Orlando Silva, esta cole\u00e7\u00e3o re\u00fane grava\u00e7\u00f5es raras, recolhidas por um longo tempo e foi criada pelo radialista e professor de marketing, Jos\u00e9 Maria Campos Manzo. Os discos desta cole\u00e7\u00e3o, s\u00e3o limitados, possuindo inclusive um n\u00famero de s\u00e9rie. A <a href=\"http:\/\/www.collectors.com.br\/Leiloes\/CIR001.shtml\">Collector&#8217;s Editora<\/a> ainda mant\u00e9m um <a href=\"http:\/\/www.collectors.com.br\/Leiloes\/CIR001.shtml\">site<\/a> e ainda \u00e9 possivel encontrar v\u00e1rios desses exemplares. Se algu\u00e9m se interessar pelas preciosidades \u00e9 bom correr atr\u00e1s. Dificilmente elas voltar\u00e3o a ser relan\u00e7adas.<\/div>\n<div>Temos ent\u00e3o o Francisco Alves, que neste disco nos \u00e9 apresentado interpretando m\u00fasicas por ele nunca gravadas comercialmente. S\u00e3o composi\u00e7\u00f5es do repert\u00f3rio de outros grandes nomes da \u00e9poca, como Carmen Miranda, Dalva de Oliveira, Paraguassu, Silvio Caldas, Dorival Caymmi e outros. Esses registros raros foram feitos ao vivo, no r\u00e1dio e s\u00e3o muito interessantes tamb\u00e9m pela interpreta\u00e7\u00e3o do Chico Viola. O \u00e1lbum ainda traz um encarte com textos de Paulo Tapaj\u00f3s comentando cada faixa e a interpreta\u00e7\u00e3o que lhe s\u00e3o dadas por Francisco Alves. <\/div>\n<div>*Adendo: Em nome do bom senso e respeito por um trabalho t\u00e3o importante. Estou retirando o link desta postagem. Fui informado que a <a href=\"http:\/\/www.collectors.com.br\/Leiloes\/CIR001.shtml\">Collector&#8217;s Editora<\/a> continua na ativa e acho que \u00e9 a ela quem voc\u00eas devem procurar. Desculpem-me amigos cultos e ocultos e ao pessoal da editora.<\/div>\n<div><\/div>\n<div style=\"text-align: center;\">saia do caminho<\/div>\n<div style=\"text-align: center;\">azul\u00e3o<\/div>\n<div style=\"text-align: center;\">inquieta\u00e7\u00e3o<\/div>\n<div style=\"text-align: center;\">hist\u00f3ria joanina<\/div>\n<div style=\"text-align: center;\">jo\u00e3o valent\u00e3o<\/div>\n<div style=\"text-align: center;\">segredo<\/div>\n<div style=\"text-align: center;\">louco (ela e seu mundo)<\/div>\n<div style=\"text-align: center;\">caboclo bom<\/div>\n<div style=\"text-align: center;\">da cor do pecado<\/div>\n<div style=\"text-align: center;\">jornal de ontem<\/div>\n<div style=\"text-align: center;\">saudade de itapo\u00e3<\/div>\n<div style=\"text-align: center;\">na baixa do sapateiro<\/div>\n<div style=\"text-align: center;\"><\/div>\n<div style=\"text-align: center;\"><\/div>\n","protected":false},"excerpt":{"rendered":"<p>Bom dia, amigos cultos e ocultos! Deus ajuda quem cedo madruga e hoje eu preciso correr, o trabalho me chama. Mas antes de sair, vou logo para a nossa postagem, pois eu n\u00e3o sei se terei tempo depois. E a\u00ed, &hellip; <a href=\"https:\/\/www.toque-musicall.com\/?p=1047\">Continue lendo <span class=\"meta-nav\">&rarr;<\/span><\/a><\/p>\n","protected":false},"author":1,"featured_media":0,"comment_status":"open","ping_status":"closed","sticky":false,"template":"","format":"standard","meta":{"footnotes":""},"categories":[1330,115],"tags":[],"class_list":["post-1047","post","type-post","status-publish","format-standard","hentry","category-colecoes","category-francisco-alves"],"_links":{"self":[{"href":"https:\/\/www.toque-musicall.com\/index.php?rest_route=\/wp\/v2\/posts\/1047","targetHints":{"allow":["GET"]}}],"collection":[{"href":"https:\/\/www.toque-musicall.com\/index.php?rest_route=\/wp\/v2\/posts"}],"about":[{"href":"https:\/\/www.toque-musicall.com\/index.php?rest_route=\/wp\/v2\/types\/post"}],"author":[{"embeddable":true,"href":"https:\/\/www.toque-musicall.com\/index.php?rest_route=\/wp\/v2\/users\/1"}],"replies":[{"embeddable":true,"href":"https:\/\/www.toque-musicall.com\/index.php?rest_route=%2Fwp%2Fv2%2Fcomments&post=1047"}],"version-history":[{"count":0,"href":"https:\/\/www.toque-musicall.com\/index.php?rest_route=\/wp\/v2\/posts\/1047\/revisions"}],"wp:attachment":[{"href":"https:\/\/www.toque-musicall.com\/index.php?rest_route=%2Fwp%2Fv2%2Fmedia&parent=1047"}],"wp:term":[{"taxonomy":"category","embeddable":true,"href":"https:\/\/www.toque-musicall.com\/index.php?rest_route=%2Fwp%2Fv2%2Fcategories&post=1047"},{"taxonomy":"post_tag","embeddable":true,"href":"https:\/\/www.toque-musicall.com\/index.php?rest_route=%2Fwp%2Fv2%2Ftags&post=1047"}],"curies":[{"name":"wp","href":"https:\/\/api.w.org\/{rel}","templated":true}]}}