{"id":10476,"date":"2024-06-18T18:33:49","date_gmt":"2024-06-18T21:33:49","guid":{"rendered":"https:\/\/www.toque-musicall.com\/?p=10476"},"modified":"2024-06-22T19:55:53","modified_gmt":"2024-06-22T22:55:53","slug":"netinho-amor-caridade-1980-2","status":"publish","type":"post","link":"https:\/\/www.toque-musicall.com\/?p=10476","title":{"rendered":"Netinho &#8211; Amor &amp; Caridade (1980)\u00a0"},"content":{"rendered":"\n<figure class=\"wp-block-image size-large\"><img decoding=\"async\" src=\"https:\/\/blogger.googleusercontent.com\/img\/b\/R29vZ2xl\/AVvXsEhZp52K9f3SWjI5V0tUHmdP-O0TYA2HMM01vAhV6pe-CWiU5CND6VZJiRkLQF9iOlnOBJSgd-O0US-droWUPmbWJjXvED_fHSCklTe-_2zmqYahPBkRzg6fH38J0FkKJ9tQbM_iwlJPuKQM3Ff73VL5_ihf7MdC3FGguPxOlOVrvffk_ktz4rwrV8gd0qGF\/w640-h630\/Capturar.JPG\" alt=\"\"\/><\/figure>\n\n\n\n<figure class=\"wp-block-image size-large\"><img decoding=\"async\" src=\"https:\/\/blogger.googleusercontent.com\/img\/b\/R29vZ2xl\/AVvXsEju25YtNCtg68nWywTRuDw0F84o40F3tPBo3-kx6ZMi3efGtpLXMLDzXWD2BOJPxFVaJkOyImRforGrCGl7bi5O1EuohIYoXUJNw4XwOD0M82_p3ZmmmKYzzUyfPA7nD6CD1GxKpDCT3r1ZnVUB7xiXy7uD0XhBahGT6UecL-IgkWYrbxjMm0n3fO9jSPQA\/w640-h636\/Capturarb.JPG\" alt=\"\"\/><\/figure>\n\n\n<div class=\"separator\">De volta, ap\u00f3s um m\u00eas de merecido descanso, retomamos com este lp do Netinho. Conforme j\u00e1 hav\u00edamos comentado, logo que poss\u00edvel repostar\u00edamos &#8220;Amor &amp; Caridade, lan\u00e7ado em 1980 pela RCA. E aqui est\u00e1 este que foi o que podemos considerar como o volume 1, por\u00e9m, bem diferente do 2, que publicamos no m\u00eas passado. Aqui temos ainda alguns resqu\u00edcios, uma &#8216;contamina\u00e7\u00e3o&#8217; do Casa das M\u00e1quinas. Disco bacana e com um time de m\u00fasicos mais que entrosados&#8230;<\/div>\n<div class=\"separator\">\u00a0<\/div>\n<div class=\"separator\">lado animal<\/div>\n<div class=\"separator\">as vezes<\/div>\n<div class=\"separator\">rio de pedras<\/div>\n<div class=\"separator\">desejos<\/div>\n<div class=\"separator\">cantar e amar<\/div>\n<div class=\"separator\">vivendo com medo<\/div>\n<div class=\"separator\">deixo acontecer<\/div>\n<div class=\"separator\">luz coagulada<\/div>\n<div class=\"separator\">ou\u00e7a<\/div>\n<div class=\"separator\">amar e comemorar<\/div>\n<div class=\"separator\">modinha<\/div>\n<div class=\"separator\">\u00a0<\/div>\n<div class=\"separator\">\u00a0<\/div>","protected":false},"excerpt":{"rendered":"<p>De volta, ap\u00f3s um m\u00eas de merecido descanso, retomamos com este lp do Netinho. Conforme j\u00e1 hav\u00edamos comentado, logo que poss\u00edvel repostar\u00edamos &#8220;Amor &amp; Caridade, lan\u00e7ado em 1980 pela RCA. E aqui est\u00e1 este que foi o que podemos considerar &hellip; <a href=\"https:\/\/www.toque-musicall.com\/?p=10476\">Continue lendo <span class=\"meta-nav\">&rarr;<\/span><\/a><\/p>\n","protected":false},"author":1,"featured_media":0,"comment_status":"closed","ping_status":"closed","sticky":false,"template":"","format":"standard","meta":{"footnotes":""},"categories":[1],"tags":[5687,3040],"class_list":["post-10476","post","type-post","status-publish","format-standard","hentry","category-sem-categoria","tag-netinho","tag-selo-rca"],"_links":{"self":[{"href":"https:\/\/www.toque-musicall.com\/index.php?rest_route=\/wp\/v2\/posts\/10476","targetHints":{"allow":["GET"]}}],"collection":[{"href":"https:\/\/www.toque-musicall.com\/index.php?rest_route=\/wp\/v2\/posts"}],"about":[{"href":"https:\/\/www.toque-musicall.com\/index.php?rest_route=\/wp\/v2\/types\/post"}],"author":[{"embeddable":true,"href":"https:\/\/www.toque-musicall.com\/index.php?rest_route=\/wp\/v2\/users\/1"}],"replies":[{"embeddable":true,"href":"https:\/\/www.toque-musicall.com\/index.php?rest_route=%2Fwp%2Fv2%2Fcomments&post=10476"}],"version-history":[{"count":1,"href":"https:\/\/www.toque-musicall.com\/index.php?rest_route=\/wp\/v2\/posts\/10476\/revisions"}],"predecessor-version":[{"id":10477,"href":"https:\/\/www.toque-musicall.com\/index.php?rest_route=\/wp\/v2\/posts\/10476\/revisions\/10477"}],"wp:attachment":[{"href":"https:\/\/www.toque-musicall.com\/index.php?rest_route=%2Fwp%2Fv2%2Fmedia&parent=10476"}],"wp:term":[{"taxonomy":"category","embeddable":true,"href":"https:\/\/www.toque-musicall.com\/index.php?rest_route=%2Fwp%2Fv2%2Fcategories&post=10476"},{"taxonomy":"post_tag","embeddable":true,"href":"https:\/\/www.toque-musicall.com\/index.php?rest_route=%2Fwp%2Fv2%2Ftags&post=10476"}],"curies":[{"name":"wp","href":"https:\/\/api.w.org\/{rel}","templated":true}]}}