{"id":10480,"date":"2024-06-21T20:00:12","date_gmt":"2024-06-21T23:00:12","guid":{"rendered":"https:\/\/www.toque-musicall.com\/?p=10480"},"modified":"2024-06-22T20:02:22","modified_gmt":"2024-06-22T23:02:22","slug":"conjunto-melodico-norberto-baldauf-encontro-dancante-1960","status":"publish","type":"post","link":"https:\/\/www.toque-musicall.com\/?p=10480","title":{"rendered":"Conjunto Mel\u00f3dico Norberto Baldauf &#8211; Encontro Dan\u00e7ante (1960)"},"content":{"rendered":"\n<figure class=\"wp-block-image size-large\"><img decoding=\"async\" src=\"https:\/\/blogger.googleusercontent.com\/img\/b\/R29vZ2xl\/AVvXsEjssLv3Zbg6yG4ERNGnvwTjhcoZND9c6t0IPXWlf9DORDmurfyFLNhEWDgbK9oxLVQBJOd6IF6phiUf1ojId-X4p9GU3o3Nf4anRL6wmQbVk6N2The9OTP7TSnrvHaEoC0BBU5rDwB-W8w851nCdQirsh2qWNAoDyXMn-g3V_5RgiZzMqINazBl_BeHcUAq\/w640-h630\/Capturar.JPG\" alt=\"\"\/><\/figure>\n\n\n\n<figure class=\"wp-block-image size-large\"><img decoding=\"async\" src=\"https:\/\/blogger.googleusercontent.com\/img\/b\/R29vZ2xl\/AVvXsEiGtgM0r94eXtV7wSAjLPekFpd2mXE9V8PZ1jSMDpKTcpWv9DLZ72ZBsim2jfhhfz0ABXhTA6yBBH8yHk7WkJSFEt0qg8hSSV4H6vDdSW-3yleG-vjYQ-ogKZbMZN9hJKsD3SAaIjRRMYFB30rpzDhF-JKe-d6NQ8Wybwt3WBEEFmiCtGvlpvJc5YqlMtTA\/w640-h630\/Capturarb.JPG\" alt=\"\"\/><\/figure>\n\n\n<div class=\"separator\">&#8220;Encontro Dan\u00e7ante&#8221;, com o Conjunto Mel\u00f3dico Norberto Baldauf, mais um disco deste formid\u00e1vel conjunto instrumental de Porto Alegre que surgiu para todo o pa\u00eds a partir dos anos 50. Como j\u00e1 foi dito aqui, em outras postagens de outros discos que apresentamos, o Conjunto do pianista Norberto Baldauf era a sensa\u00e7\u00e3o do r\u00e1dio e dos bailes no Sul. Tanto assim que logo chegaria aos ouvidos da Odeon, respons\u00e1vel pelos primeiros discos do grupo. Fizeram muito sucesso, tanto pelo repert\u00f3rio quanto pela qualidade e personalidade pr\u00f3pria do conjunto. Aqui, neste lp de 1960 podemos constatar isso mais uma vez nesta s\u00e9rie com temas nacionais e internacionais, moldados para a dan\u00e7a a dois. Repert\u00f3rio bacana, olha s\u00f3&#8230;<\/div>\n<div class=\"separator\">\u00a0<\/div>\n<div class=\"separator\">bom que d\u00f3i<\/div>\n<div class=\"separator\">la barca<\/div>\n<div class=\"separator\">a certain smile<\/div>\n<div class=\"separator\">este seu olhar<\/div>\n<div class=\"separator\">tu me acostumbraste<\/div>\n<div class=\"separator\">to the ends of the earth<\/div>\n<div class=\"separator\">scapricciatiello<\/div>\n<div class=\"separator\">da cor do pecado<\/div>\n<div class=\"separator\">el bordeguero<\/div>\n<div class=\"separator\">brigas nunca mais<\/div>\n<div class=\"separator\">no dimenticar<\/div>\n<div class=\"separator\">eu sei que vou te amar<\/div>\n<div class=\"separator\">\u00a0<\/div>\n<div class=\"separator\">\u00a0<\/div>\n<div class=\"separator\">\u00a0<\/div>\n<div class=\"separator\">\u00a0<\/div>\n<div class=\"separator\">\u00a0<\/div>","protected":false},"excerpt":{"rendered":"<p>&#8220;Encontro Dan\u00e7ante&#8221;, com o Conjunto Mel\u00f3dico Norberto Baldauf, mais um disco deste formid\u00e1vel conjunto instrumental de Porto Alegre que surgiu para todo o pa\u00eds a partir dos anos 50. Como j\u00e1 foi dito aqui, em outras postagens de outros discos &hellip; <a href=\"https:\/\/www.toque-musicall.com\/?p=10480\">Continue lendo <span class=\"meta-nav\">&rarr;<\/span><\/a><\/p>\n","protected":false},"author":1,"featured_media":0,"comment_status":"closed","ping_status":"closed","sticky":false,"template":"","format":"standard","meta":{"footnotes":""},"categories":[1],"tags":[4181,3153],"class_list":["post-10480","post","type-post","status-publish","format-standard","hentry","category-sem-categoria","tag-conjunto-melodico-noberto-baldauf","tag-selo-odeon"],"_links":{"self":[{"href":"https:\/\/www.toque-musicall.com\/index.php?rest_route=\/wp\/v2\/posts\/10480","targetHints":{"allow":["GET"]}}],"collection":[{"href":"https:\/\/www.toque-musicall.com\/index.php?rest_route=\/wp\/v2\/posts"}],"about":[{"href":"https:\/\/www.toque-musicall.com\/index.php?rest_route=\/wp\/v2\/types\/post"}],"author":[{"embeddable":true,"href":"https:\/\/www.toque-musicall.com\/index.php?rest_route=\/wp\/v2\/users\/1"}],"replies":[{"embeddable":true,"href":"https:\/\/www.toque-musicall.com\/index.php?rest_route=%2Fwp%2Fv2%2Fcomments&post=10480"}],"version-history":[{"count":1,"href":"https:\/\/www.toque-musicall.com\/index.php?rest_route=\/wp\/v2\/posts\/10480\/revisions"}],"predecessor-version":[{"id":10481,"href":"https:\/\/www.toque-musicall.com\/index.php?rest_route=\/wp\/v2\/posts\/10480\/revisions\/10481"}],"wp:attachment":[{"href":"https:\/\/www.toque-musicall.com\/index.php?rest_route=%2Fwp%2Fv2%2Fmedia&parent=10480"}],"wp:term":[{"taxonomy":"category","embeddable":true,"href":"https:\/\/www.toque-musicall.com\/index.php?rest_route=%2Fwp%2Fv2%2Fcategories&post=10480"},{"taxonomy":"post_tag","embeddable":true,"href":"https:\/\/www.toque-musicall.com\/index.php?rest_route=%2Fwp%2Fv2%2Ftags&post=10480"}],"curies":[{"name":"wp","href":"https:\/\/api.w.org\/{rel}","templated":true}]}}