{"id":10486,"date":"2024-06-24T10:50:42","date_gmt":"2024-06-24T13:50:42","guid":{"rendered":"https:\/\/www.toque-musicall.com\/?p=10486"},"modified":"2024-06-24T10:50:42","modified_gmt":"2024-06-24T13:50:42","slug":"gilberto-gil-sao-joao-vivo-2001","status":"publish","type":"post","link":"https:\/\/www.toque-musicall.com\/?p=10486","title":{"rendered":"Gilberto Gil &#8211; S\u00e3o Jo\u00e3o Vivo (2001)"},"content":{"rendered":"\n<figure class=\"wp-block-image size-large\"><img decoding=\"async\" src=\"https:\/\/blogger.googleusercontent.com\/img\/b\/R29vZ2xl\/AVvXsEiELqZTDukHWbBUQbBWp-rMA9ONzC-ZZgtqEXUzMsybqf2lGrnf-i-c8hijQgVcG6mduHVtS2l2KhJ8PDeB2TaqtvvvMfdLBTBI43sHGMN9Z4zqDKCL4QNdvUkisWhWy4088O5ilKyKWBsab6IR4eY-D3NZ-7g3EAZlP2YaowfSdsIgwlK11oEcYi1EVxst\/w640-h630\/Capturar.JPG\" alt=\"\"\/><\/figure>\n\n\n\n<figure class=\"wp-block-image size-large\"><img decoding=\"async\" src=\"https:\/\/blogger.googleusercontent.com\/img\/b\/R29vZ2xl\/AVvXsEjOSjmlOzPZBVDDYrIo7Tso2e6PwMZW0yttvs3uibQeOw-uKEKVJRQubUURr3gS1gHtuO2PJI34PjRLn0vSKSSdSIVHtQy76riLFS2P99NMCdn_Zks5kKf6G2VFPpqpGIIpfknsCS2zWYwck-7t_S2QXKcMZYZSpuWqUFDp-njruk0eiQEFRKXL3B7oId_k\/w640-h620\/Capturarb.JPG\" alt=\"\"\/><\/figure>\n\n\n<div class=\"separator\">Vou abrir uma das exce\u00e7\u00f5es (que eventualmente praticamos), fugindo a regra das nossas postagens regulares de vinil. Hoje iremos de cd, um disco de Gilberto Gil lan\u00e7ado em 2001, quando ent\u00e3o o vinil n\u00e3o fazia parte dos lan\u00e7amentos. Ou seja, este trabalho n\u00e3o chegou a ser lan\u00e7ado em vinil. Mas \u00e9 um momento t\u00e3o bacana, um registro de uma noite que deve ter sido maravilhosa, que a gente n\u00e3o poderia deixar passar. Ainda mais que hoje \u00e9 noite de S\u00e3o Jo\u00e3o. Assim, temos todos os bons motivos para postar este S\u00e3o Jo\u00e3o de Gilberto Gil. Maravilhoso e memor\u00e1vel!<\/div>\n<div class=\"separator\">\u00a0<\/div>\n<div class=\"separator\">olha pro c\u00e9u<\/div>\n<div class=\"separator\">oia eu aqui de novo<\/div>\n<div class=\"separator\">asa branca<\/div>\n<div class=\"separator\">bai\u00e3o da penha<\/div>\n<div class=\"separator\">qui nem jil\u00f3<\/div>\n<div class=\"separator\">bai\u00e3o<\/div>\n<div class=\"separator\">de onde vem o bai\u00e3o<\/div>\n<div class=\"separator\">lamento sertanejo<\/div>\n<div class=\"separator\">cajuina<\/div>\n<div class=\"separator\">refazenda<\/div>\n<div class=\"separator\">pau de arara<\/div>\n<div class=\"separator\">respeita janu\u00e1rio<\/div>\n<div class=\"separator\">o xote das meninas<\/div>\n<div class=\"separator\">eu s\u00f3 quero um xod\u00f3<\/div>\n<div class=\"separator\">vem morena<\/div>\n<div class=\"separator\">esperando da janela<\/div>\n<div class=\"separator\">o \u00faltimo pau de arara<\/div>\n<div class=\"separator\">madalena<\/div>\n<div class=\"separator\">toda menina baiana<\/div>\n<div class=\"separator\">na casa dela<\/div>\n<div class=\"separator\">\u00a0<\/div>\n<div class=\"separator\">\u00a0<\/div>","protected":false},"excerpt":{"rendered":"<p>Vou abrir uma das exce\u00e7\u00f5es (que eventualmente praticamos), fugindo a regra das nossas postagens regulares de vinil. Hoje iremos de cd, um disco de Gilberto Gil lan\u00e7ado em 2001, quando ent\u00e3o o vinil n\u00e3o fazia parte dos lan\u00e7amentos. Ou seja, &hellip; <a href=\"https:\/\/www.toque-musicall.com\/?p=10486\">Continue lendo <span class=\"meta-nav\">&rarr;<\/span><\/a><\/p>\n","protected":false},"author":1,"featured_media":0,"comment_status":"closed","ping_status":"closed","sticky":false,"template":"","format":"standard","meta":{"footnotes":""},"categories":[1],"tags":[3208,4458],"class_list":["post-10486","post","type-post","status-publish","format-standard","hentry","category-sem-categoria","tag-cds","tag-gilberto-gil"],"_links":{"self":[{"href":"https:\/\/www.toque-musicall.com\/index.php?rest_route=\/wp\/v2\/posts\/10486","targetHints":{"allow":["GET"]}}],"collection":[{"href":"https:\/\/www.toque-musicall.com\/index.php?rest_route=\/wp\/v2\/posts"}],"about":[{"href":"https:\/\/www.toque-musicall.com\/index.php?rest_route=\/wp\/v2\/types\/post"}],"author":[{"embeddable":true,"href":"https:\/\/www.toque-musicall.com\/index.php?rest_route=\/wp\/v2\/users\/1"}],"replies":[{"embeddable":true,"href":"https:\/\/www.toque-musicall.com\/index.php?rest_route=%2Fwp%2Fv2%2Fcomments&post=10486"}],"version-history":[{"count":1,"href":"https:\/\/www.toque-musicall.com\/index.php?rest_route=\/wp\/v2\/posts\/10486\/revisions"}],"predecessor-version":[{"id":10487,"href":"https:\/\/www.toque-musicall.com\/index.php?rest_route=\/wp\/v2\/posts\/10486\/revisions\/10487"}],"wp:attachment":[{"href":"https:\/\/www.toque-musicall.com\/index.php?rest_route=%2Fwp%2Fv2%2Fmedia&parent=10486"}],"wp:term":[{"taxonomy":"category","embeddable":true,"href":"https:\/\/www.toque-musicall.com\/index.php?rest_route=%2Fwp%2Fv2%2Fcategories&post=10486"},{"taxonomy":"post_tag","embeddable":true,"href":"https:\/\/www.toque-musicall.com\/index.php?rest_route=%2Fwp%2Fv2%2Ftags&post=10486"}],"curies":[{"name":"wp","href":"https:\/\/api.w.org\/{rel}","templated":true}]}}